{"id":289229,"date":"2026-09-03T06:54:13","date_gmt":"2026-09-03T06:54:13","guid":{"rendered":"https:\/\/www.europesays.com\/ch-fr\/289229\/"},"modified":"2026-09-03T06:54:13","modified_gmt":"2026-09-03T06:54:13","slug":"vuelta-2026-le-parcours-et-le-profil-de-la-12e-etape-du-tour-despagne","status":"publish","type":"post","link":"https:\/\/www.europesays.com\/ch-fr\/289229\/","title":{"rendered":"Vuelta 2026\u00a0: Le parcours et le profil de la 12e \u00e9tape du Tour d\u2019Espagne"},"content":{"rendered":"<p>Jeudi, la Vuelta prend du relief. Apr\u00e8s deux jours de course relativement plats, le Tour d\u2019Espagne retrouve les cols et les sommets d\u2019Andalousie \u00e0 l\u2019occasion de la 12e \u00e9tape entre Vera et Calar Alto. Pas moins de cinq ascensions r\u00e9pertori\u00e9es seront \u00e0 gravir. 4 568 m\u00e8tres de d\u00e9clivit\u00e9 sont propos\u00e9s aux coureurs.<\/p>\n<p>Les favoris de la 12e \u00e9tape de la Vuelta<\/p>\n<p>En l\u2019absence de Tadej Pogacar, nombreux sont les favoris du jour. Le Maillot Rouge, Enric Mas (Movistar), tentera de conserver sa tunique malgr\u00e9 la concurrence de Pavel Sivakov, Felix Gall, Santiago Buitrago, Richard Carapaz, Halland Johannessen, Marcel Camprub\u00ed, Walter Calzoni et Cristi\u00e1n Rodr\u00edguez, pour ne citer qu\u2019eux.<\/p>\n<p>\u00c0 quelle heure et sur quelle cha\u00eene voir la 12e \u00e9tape de la Vuelta<\/p>\n<p>La course sera diffus\u00e9e en direct le jeudi 3\u00a0septembre 2026, \u00e0 partir de 12h45 sur Eurosport Max 1, pour les abonn\u00e9s. L\u2019arriv\u00e9e est pr\u00e9vue aux alentours de 17h17.<\/p>\n<p>Le profil de la 12e \u00e9tape de la Vuelta 2026<img decoding=\"async\" alt=\"Le profil de la 12e \u00e9tape de la Vuelta 2026\" class=\"c-img\" loading=\"lazy\" fetchpriority=\"auto\" width=\"718\"  src=\"https:\/\/img.20mn.fr\/i538jcn0SbKHQp8P0EM2KSk\/718x0\" \/>Le profil de la 12e \u00e9tape de la Vuelta 2026\u2002-\u00a0ASOLe parcours de la 12e \u00e9tape de la Vuelta 2026<img decoding=\"async\" alt=\"Le parcours de la 12e \u00e9tape de la Vuelta\" class=\"c-img\" loading=\"lazy\" fetchpriority=\"auto\" width=\"718\"  src=\"https:\/\/img.20mn.fr\/GrXs1GNUT8i7J7HNemcKWik\/718x0\" \/>Le parcours de la 12e \u00e9tape de la Vuelta\u2002-\u00a0ASOLe classement g\u00e9n\u00e9ral de la Vuelta 2026 avant la 12e \u00e9tapeEnric Mas &#8211; Movistar en 35h59&rsquo;02\u00a0\u00bb<a href=\"https:\/\/www.20minutes.fr\/sport\/primoz-roglic\/\" class=\"c-link c-link--is-underlined\" rel=\"nofollow noopener\" target=\"_blank\">Primoz Roglic<\/a> &#8211; RedBull &#8211; Bora-Hansgrohe \u00e0 01&rsquo;18\u00a0\u00bbFelix Gall &#8211; Decathlon CMA CGM \u00e0 01&rsquo;39\u00a0\u00bbOscar Onley &#8211; Netcompany Ineos \u00e0 02&rsquo;20\u00a0\u00bbRichard Carapaz &#8211; EF Education &#8211; Easy Post \u00e0 03&rsquo;26\u00a0\u00bbMattias Skjelmose Jensen &#8211; <a href=\"https:\/\/www.20minutes.fr\/economie\/lidl\/\" class=\"c-link c-link--is-underlined\" rel=\"nofollow noopener\" target=\"_blank\">Lidl<\/a> &#8211; Trek \u00e0 03&rsquo;55\u00a0\u00bbSepp Kuss &#8211; Visma Lease a Bike \u00e0 04&rsquo;09\u00a0\u00bbHarold Tejada &#8211; XDS <a href=\"https:\/\/www.20minutes.fr\/sport\/astana\/\" class=\"c-link c-link--is-underlined\" rel=\"nofollow noopener\" target=\"_blank\">Astana<\/a> \u00e0 04&rsquo;39\u00a0\u00bbGregor Muhlberger &#8211; Decathlon CMA CGM \u00e0 07&rsquo;33\u00a0\u00bbJakob Omrzel &#8211; Bahrain Victorious \u00e0 08&rsquo;05\u00a0\u00bbCl\u00e9ment Berthet Groupama-FDJ United \u00e0 09&rsquo;32\u00a0\u00bb<\/p>\n","protected":false},"excerpt":{"rendered":"Jeudi, la Vuelta prend du relief. Apr\u00e8s deux jours de course relativement plats, le Tour d\u2019Espagne retrouve les&hellip;\n","protected":false},"author":2,"featured_media":289230,"comment_status":"","ping_status":"","sticky":false,"template":"","format":"standard","meta":{"footnotes":"","_share_on_mastodon":"0"},"categories":[8],"tags":[1105,62989,186,75,23,13522,62988],"class_list":["post-289229","post","type-post","status-publish","format-standard","has-post-thumbnail","category-sports","tag-cyclisme","tag-groupama-fdj","tag-sport","tag-sports","tag-suisse","tag-tadej-pogacar","tag-vuelta"],"share_on_mastodon":{"url":"https:\/\/pubeurope.com\/@ch_fr\/117205799681817016","error":""},"_links":{"self":[{"href":"https:\/\/www.europesays.com\/ch-fr\/wp-json\/wp\/v2\/posts\/289229","targetHints":{"allow":["GET"]}}],"collection":[{"href":"https:\/\/www.europesays.com\/ch-fr\/wp-json\/wp\/v2\/posts"}],"about":[{"href":"https:\/\/www.europesays.com\/ch-fr\/wp-json\/wp\/v2\/types\/post"}],"author":[{"embeddable":true,"href":"https:\/\/www.europesays.com\/ch-fr\/wp-json\/wp\/v2\/users\/2"}],"replies":[{"embeddable":true,"href":"https:\/\/www.europesays.com\/ch-fr\/wp-json\/wp\/v2\/comments?post=289229"}],"version-history":[{"count":0,"href":"https:\/\/www.europesays.com\/ch-fr\/wp-json\/wp\/v2\/posts\/289229\/revisions"}],"wp:featuredmedia":[{"embeddable":true,"href":"https:\/\/www.europesays.com\/ch-fr\/wp-json\/wp\/v2\/media\/289230"}],"wp:attachment":[{"href":"https:\/\/www.europesays.com\/ch-fr\/wp-json\/wp\/v2\/media?parent=289229"}],"wp:term":[{"taxonomy":"category","embeddable":true,"href":"https:\/\/www.europesays.com\/ch-fr\/wp-json\/wp\/v2\/categories?post=289229"},{"taxonomy":"post_tag","embeddable":true,"href":"https:\/\/www.europesays.com\/ch-fr\/wp-json\/wp\/v2\/tags?post=289229"}],"curies":[{"name":"wp","href":"https:\/\/api.w.org\/{rel}","templated":true}]}}