{"id":289231,"date":"2026-09-03T06:55:10","date_gmt":"2026-09-03T06:55:10","guid":{"rendered":"https:\/\/www.europesays.com\/ch-fr\/289231\/"},"modified":"2026-09-03T06:55:10","modified_gmt":"2026-09-03T06:55:10","slug":"ramonville-saint-agne-la-piscine-alex-jany-ferme-ses-portes-pour-deux-semaines","status":"publish","type":"post","link":"https:\/\/www.europesays.com\/ch-fr\/289231\/","title":{"rendered":"Ramonville-Saint-Agne. La piscine Alex Jany ferme ses portes pour deux semaines"},"content":{"rendered":"<p>C\u2019est la derni\u00e8re semaine avant la rentr\u00e9e scolaire. Les nageurs de Ramonville-Saint-Agne devront patienter quelques jours ensuite avant de retrouver les bassins. La piscine municipale Alex Jany est exceptionnellement ferm\u00e9e depuis lundi 31 ao\u00fbt jusqu\u2019au dimanche 13 septembre 2026 inclus, afin de permettre une importante op\u00e9ration d\u2019entretien et de maintenance. Pendant ces deux semaines, les \u00e9quipes proc\u00e9deront d\u2019abord \u00e0 la vidange compl\u00e8te des bassins, avant un nettoyage et une d\u00e9sinfection en profondeur. Cette fermeture annuelle sera \u00e9galement l\u2019occasion d\u2019intervenir sur les installations techniques, notamment les syst\u00e8mes de filtration, de traitement de l\u2019eau, de chauffage et les \u00e9quipements de s\u00e9curit\u00e9. <\/p>\n<p>Des travaux de maintenance et de r\u00e9paration sont \u00e9galement programm\u00e9s. Ils pourront concerner notamment le remplacement de carreaux, la r\u00e9fection de joints ainsi que des travaux de peinture et de carrelage. <\/p>\n<p>Ces interventions s\u2019inscrivent dans la continuit\u00e9 des travaux de r\u00e9novation men\u00e9s \u00e0 la piscine, destin\u00e9s \u00e0 am\u00e9liorer le confort des usagers, l\u2019accessibilit\u00e9 de l\u2019\u00e9quipement ainsi que ses performances thermiques et \u00e9nerg\u00e9tiques. <\/p>\n<p>Situ\u00e9e au c\u0153ur de la commune, la piscine Alex Jany accueille toute l\u2019ann\u00e9e les habitants, les enfants des \u00e9coles ramonvilloises, les associations ainsi que les pratiquants de l\u2019\u00e9cole municipale de natation. <\/p>\n<p>Son bassin de 25 m\u00e8tres, r\u00e9parti en quatre couloirs et affichant une profondeur comprise entre 0,95 et 2 m\u00e8tres, constitue un \u00e9quipement sportif important pour la commune. <\/p>\n<p>\u00c0 compter de la r\u00e9ouverture, les horaires de la p\u00e9riode scolaire s\u2019appliqueront. <\/p>\n<p>Pour tout renseignement compl\u00e9mentaire, la mairie invite les usagers \u00e0 contacter la piscine Alex Jany au 05 61 75 21 31. <\/p>\n<p>Apr\u00e8s deux semaines consacr\u00e9es \u00e0 l\u2019entretien et \u00e0 la remise en \u00e9tat de ses \u00e9quipements, le bassin devrait ainsi \u00eatre pr\u00eat \u00e0 accueillir de nouveau les nageurs dans les meilleures conditions.<\/p>\n","protected":false},"excerpt":{"rendered":"C\u2019est la derni\u00e8re semaine avant la rentr\u00e9e scolaire. Les nageurs de Ramonville-Saint-Agne devront patienter quelques jours ensuite avant&hellip;\n","protected":false},"author":2,"featured_media":289232,"comment_status":"","ping_status":"","sticky":false,"template":"","format":"standard","meta":{"footnotes":"","_share_on_mastodon":"0"},"categories":[7],"tags":[89,11768,61,57,59,58,238,23,60,62,4101],"class_list":["post-289231","post","type-post","status-publish","format-standard","has-post-thumbnail","category-sciences-et-technologies","tag-haute-garonne","tag-ramonvillesaintagne","tag-science","tag-science-and-technology","tag-sciences","tag-sciences-et-technologies","tag-societe","tag-suisse","tag-technologies","tag-technology","tag-vie-pratique-conso"],"share_on_mastodon":{"url":"https:\/\/pubeurope.com\/@ch_fr\/117205803000399165","error":""},"_links":{"self":[{"href":"https:\/\/www.europesays.com\/ch-fr\/wp-json\/wp\/v2\/posts\/289231","targetHints":{"allow":["GET"]}}],"collection":[{"href":"https:\/\/www.europesays.com\/ch-fr\/wp-json\/wp\/v2\/posts"}],"about":[{"href":"https:\/\/www.europesays.com\/ch-fr\/wp-json\/wp\/v2\/types\/post"}],"author":[{"embeddable":true,"href":"https:\/\/www.europesays.com\/ch-fr\/wp-json\/wp\/v2\/users\/2"}],"replies":[{"embeddable":true,"href":"https:\/\/www.europesays.com\/ch-fr\/wp-json\/wp\/v2\/comments?post=289231"}],"version-history":[{"count":0,"href":"https:\/\/www.europesays.com\/ch-fr\/wp-json\/wp\/v2\/posts\/289231\/revisions"}],"wp:featuredmedia":[{"embeddable":true,"href":"https:\/\/www.europesays.com\/ch-fr\/wp-json\/wp\/v2\/media\/289232"}],"wp:attachment":[{"href":"https:\/\/www.europesays.com\/ch-fr\/wp-json\/wp\/v2\/media?parent=289231"}],"wp:term":[{"taxonomy":"category","embeddable":true,"href":"https:\/\/www.europesays.com\/ch-fr\/wp-json\/wp\/v2\/categories?post=289231"},{"taxonomy":"post_tag","embeddable":true,"href":"https:\/\/www.europesays.com\/ch-fr\/wp-json\/wp\/v2\/tags?post=289231"}],"curies":[{"name":"wp","href":"https:\/\/api.w.org\/{rel}","templated":true}]}}