{"id":289249,"date":"2026-09-03T07:13:11","date_gmt":"2026-09-03T07:13:11","guid":{"rendered":"https:\/\/www.europesays.com\/ch-fr\/289249\/"},"modified":"2026-09-03T07:13:11","modified_gmt":"2026-09-03T07:13:11","slug":"si-tu-nes-pas-a-fond-ca-ne-va-pas-passer-quentin-halys-serein-et-sans-complexe-avant-de-defier-alexander-zverev-au-deuxieme-tour-a-lus-open-lequipe","status":"publish","type":"post","link":"https:\/\/www.europesays.com\/ch-fr\/289249\/","title":{"rendered":"\u00ab Si tu n&#039;es pas \u00e0 fond, \u00e7a ne va pas passer \u00bb : Quentin Halys, serein et sans complexe avant de d\u00e9fier Alexander Zverev au deuxi\u00e8me tour \u00e0 l&#039;US Open &#8211; L&#039;\u00c9quipe"},"content":{"rendered":"<p><a href=\"https:\/\/news.google.com\/rss\/articles\/CBMimwJBVV95cUxQTmZRNmdwYzBKYV85cnZLenVWQjY5d3ZTLWJTMk5Hd0UwRXBINGRINk9IWkdJYUJTRWFyLXNETDZINnNHT2NHUUZOd3E1cE1QYy1tbDNpSmNKWVpCSng5RDRGTmNEODc4a0pzbDl4SDZVR2JaRVVqQ2dTOHJZS091R0hZRVRPRWJZSDEycVVzZk5zbWROZ09fb19XSGk4dGpNcWgtNkR5TG1wTXBxdExzeW5nV2JyZzNVdTg3MEoxcW40SFVoNmpaN2k2RGVXMFp6MGp6YU5uNllncTZCRUFUZFB3aGt3SzJZVllGSXpWNHNhUV9fQ244cW9xSmRfLS1aYjVUZ0ZlTF9PODdMWkNfcjJoVjlUV1lpVzhj?oc=5\" target=\"_blank\" rel=\"nofollow noopener\">\u00ab Si tu n&rsquo;es pas \u00e0 fond, \u00e7a ne va pas passer \u00bb : Quentin Halys, serein et sans complexe avant de d\u00e9fier Alexander Zverev au deuxi\u00e8me tour \u00e0 l&rsquo;US Open<\/a>&nbsp;&nbsp;L&rsquo;\u00c9quipe<a href=\"https:\/\/news.google.com\/rss\/articles\/CBMisgJBVV95cUxQSHhLcExqQ29FdXFwUExnamxQY19MMXV1bENWeHpid0lpWFVEa0NVMFdFZTROLWFYTzFTZVRSNWVlcjBCV0hEWU5DWWdpaGVGeGluSjgtT3p4V2JtMjRibkw5dzFSd2I4ekpVVVV1TnM2NzdnYk9BWWx3NVE4dElTbDZ3YUJBOHBDQUlMVGtQY1dWWi1BU2pTYU1yWUZhUFJsa04yZVpRb2hhZzEtNnJMVnRHaWtKaEdWbDVRV2xac1A5ZHVZVnpMTUVMRGQ2QXI2Q1huRHpJNnpCUkxOZVFzeVBUbDk0U2o1anNqaGdlLVp0VnJjbEdwU2RSaEx4cjFxN3ZyYW56b2N2WWFGT080LTcxVlQySmNVZmpuSDdyd1h4OHQ3aGtrclo2eGk5dUxzSUE?oc=5\" target=\"_blank\" rel=\"nofollow noopener\">Zverev a fr\u00f4l\u00e9 la \u00ab\u00a0cata\u00a0\u00bb !<\/a>&nbsp;&nbsp;Eurosport<a href=\"https:\/\/news.google.com\/rss\/articles\/CBMiywFBVV95cUxQV05HUFhtYmlFbDVzSFNOOXpBSm4xenFldXpKc0xJaGVNVHZWaFE5djhxUndNbmhaTUNhN2llSFVwUFRTM1NsV280V1pKTGk5eks4Q1ZSeWxjc3lkN1MyVTZab2VzUEN0X0RNcENfTXZERUtVU3BkOVpYY2xYbl93RHFJaXpHeEl0Y0Z4ZHRsSXJOZ0RpMVpyZm5NZko2Z05QdVRfbkc1Vi1OQURMVDh3Ynl0TTZPU3Y2V0VUTVdLaV9vWXdjWmM4VkJPZw?oc=5\" target=\"_blank\" rel=\"nofollow noopener\">US Open : Zverev s\u2019en sort au bout de la nuit, Rybakina et Gauff tranquilles<\/a>&nbsp;&nbsp;Sud Ouest<a href=\"https:\/\/news.google.com\/rss\/articles\/CBMimAJBVV95cUxNRHZReDg5Uk0xSUdyaHBucXVnN01RWjhtbmxPZThrall1dE9INGd0c1ZuSFpxNEVJbFBYeXg1bjB4ekpYckZMZHp6aXBXenZ5TnpJUTBXbGhNaEkydFpPaG8zTUZBQ2xSV2JOYkZabUhDbWRfRnk1RUZvMEtHbVhILUpFdnhYUHJQSE43UlJlMUdROFYtS05lb0ZRRmtCbnlhN05vQko1WDRvUXFmVGQ0VHJhWm1mNm9saWFnX25KV2k4M08tREtLRUx0NUNObDlsUGJWbTJzUU5TbGNEaURxc3lJSDU5dmpVRC1VVjc4aGkteE5jVFdxQnNGT2hpNnhWUi1XWUYzLTB3dU5nTjY1NDhMN1k0ZUFG?oc=5\" target=\"_blank\" rel=\"nofollow noopener\">US Open. Alexander Zverev, chahut\u00e9 d\u00e8s le premier tour, s\u2019en sort en pr\u00e8s de 5 heures contre Lorenzo Sonego<\/a>&nbsp;&nbsp;Ouest-France<a href=\"https:\/\/news.google.com\/rss\/articles\/CBMiigFBVV95cUxPTm9kYi1xemVmalRNZ2xoOERzWm5qSzBaVVZoNXNzUU1tMUlMQ3RtTUJ5eVlQSGVQb1Z2OV95NEtrV05yVVYtR2ZPTHl5dExVSUpRMXNLQnVEOUVuSkpibENjRTlDcUw3Rk1QVEVnNmVkMXlKUmJDYUVRTGVpbTdlT2FKVzM3bU9ielE?oc=5\" target=\"_blank\" rel=\"nofollow noopener\">Internationaux des \u00c9tats-Unis : Alexander Zverev pouss\u00e9 \u00e0 la limite mais r\u00e9siste<\/a>&nbsp;&nbsp;RDS<\/p>\n","protected":false},"excerpt":{"rendered":"\u00ab Si tu n&rsquo;es pas \u00e0 fond, \u00e7a ne va pas passer \u00bb : Quentin Halys, serein et&hellip;\n","protected":false},"author":2,"featured_media":289250,"comment_status":"","ping_status":"","sticky":false,"template":"","format":"standard","meta":{"footnotes":"","_share_on_mastodon":"0"},"categories":[8],"tags":[1724,23232,51549,75,23,16028,4344,42963],"class_list":["post-289249","post","type-post","status-publish","format-standard","has-post-thumbnail","category-sports","tag-entretiens","tag-franck-ramella","tag-quentin-halys","tag-sports","tag-suisse","tag-temoignages","tag-tennis","tag-us-open"],"share_on_mastodon":{"url":"https:\/\/pubeurope.com\/@ch_fr\/117205873768139607","error":""},"_links":{"self":[{"href":"https:\/\/www.europesays.com\/ch-fr\/wp-json\/wp\/v2\/posts\/289249","targetHints":{"allow":["GET"]}}],"collection":[{"href":"https:\/\/www.europesays.com\/ch-fr\/wp-json\/wp\/v2\/posts"}],"about":[{"href":"https:\/\/www.europesays.com\/ch-fr\/wp-json\/wp\/v2\/types\/post"}],"author":[{"embeddable":true,"href":"https:\/\/www.europesays.com\/ch-fr\/wp-json\/wp\/v2\/users\/2"}],"replies":[{"embeddable":true,"href":"https:\/\/www.europesays.com\/ch-fr\/wp-json\/wp\/v2\/comments?post=289249"}],"version-history":[{"count":0,"href":"https:\/\/www.europesays.com\/ch-fr\/wp-json\/wp\/v2\/posts\/289249\/revisions"}],"wp:featuredmedia":[{"embeddable":true,"href":"https:\/\/www.europesays.com\/ch-fr\/wp-json\/wp\/v2\/media\/289250"}],"wp:attachment":[{"href":"https:\/\/www.europesays.com\/ch-fr\/wp-json\/wp\/v2\/media?parent=289249"}],"wp:term":[{"taxonomy":"category","embeddable":true,"href":"https:\/\/www.europesays.com\/ch-fr\/wp-json\/wp\/v2\/categories?post=289249"},{"taxonomy":"post_tag","embeddable":true,"href":"https:\/\/www.europesays.com\/ch-fr\/wp-json\/wp\/v2\/tags?post=289249"}],"curies":[{"name":"wp","href":"https:\/\/api.w.org\/{rel}","templated":true}]}}