{"id":289259,"date":"2026-09-03T07:18:12","date_gmt":"2026-09-03T07:18:12","guid":{"rendered":"https:\/\/www.europesays.com\/ch-fr\/289259\/"},"modified":"2026-09-03T07:18:12","modified_gmt":"2026-09-03T07:18:12","slug":"us-open-carlos-alcaraz-se-qualifie-pour-le-3e-tour","status":"publish","type":"post","link":"https:\/\/www.europesays.com\/ch-fr\/289259\/","title":{"rendered":"US Open : Carlos Alcaraz se qualifie pour le 3e tour"},"content":{"rendered":"<p>Tenant du titre en simple, Carlos Alcaraz s&rsquo;est qualifi\u00e9 sans trop de difficult\u00e9s pour le 3e tour de l&rsquo;US Open. L&rsquo;Espagnol a n\u00e9anmoins connu une mise en route laborieuse.<\/p>\n<p>Le no3 mondial a battu en \u00ab\u00a0night session\u00a0\u00bb le Portugais Jaime Faria (ATP 72) 4-6 6-0 6-3 6-2, semblant retrouver peu \u00e0 peu des sensations apr\u00e8s plus de quatre mois d&rsquo;arr\u00eat. Bless\u00e9 au poignet mi-avril, forfait \u00e0 Roland-Garros et Wimbledon, il s&rsquo;est pr\u00e9sent\u00e9 dans le Queens sans certitude.<\/p>\n<p>Pour ce nouveau test, apr\u00e8s un premier tour aval\u00e9 en trois sets, Alcaraz a suscit\u00e9 quelques inqui\u00e9tudes en d\u00e9but de match. Inhabituellement peu mobile, en d\u00e9licatesse au service, il a conc\u00e9d\u00e9 le break au septi\u00e8me jeu, Jaime Faria conservant cet avantage jusqu&rsquo;au terme de la premi\u00e8re manche.<\/p>\n<p>\u00ab\u00a0Je n&rsquo;ai pas pris mon temps, je n&rsquo;ai pas \u00e9t\u00e9 patient\u00a0\u00bb, a expliqu\u00e9 lors de son interview sur le court le septuple laur\u00e9at en Grand Chelem. Emprunt\u00e9 jusque-l\u00e0, il a commenc\u00e9 \u00e0 r\u00e9agir en d\u00e9but de deuxi\u00e8me set, sauvant deux balles de break dans le jeu initial.<\/p>\n<p>\u00ab\u00a0Un match difficile\u00a0\u00bb<\/p>\n<p>Alcaraz a pris dans la foul\u00e9e le service du Portugais sur un passing gagnant, salu\u00e9 par un public ravi. C&rsquo;\u00e9tait le signal du rebond, marqu\u00e9 par le gain de huit jeux d&rsquo;affil\u00e9e, jusqu&rsquo;\u00e0 2-0 au troisi\u00e8me set. L&rsquo;Espagnol bougeait soudain mieux, jouant r\u00e9guli\u00e8rement en avan\u00e7ant pour mettre Jaime Faria sous pression.<\/p>\n<p>Trop peu incisif, ce dernier a souvent \u00e9t\u00e9 puni quand il a tent\u00e9 de prendre l&rsquo;initiative. Quant \u00e0 Alcaraz, il n&rsquo;a plus connu de frayeur par la suite. \u00ab\u00a0Ca a \u00e9t\u00e9 un match difficile pour moi\u00a0\u00bb, a n\u00e9anmoins conc\u00e9d\u00e9 l&rsquo;Espagnol, qui rencontrera le Chinois Yibing Wu (ATP 113) en 16es de finale.<\/p>\n<p class=\"sources\">agences\/tai<\/p>\n","protected":false},"excerpt":{"rendered":"Tenant du titre en simple, Carlos Alcaraz s&rsquo;est qualifi\u00e9 sans trop de difficult\u00e9s pour le 3e tour de&hellip;\n","protected":false},"author":2,"featured_media":289260,"comment_status":"","ping_status":"","sticky":false,"template":"","format":"standard","meta":{"footnotes":"","_share_on_mastodon":"0"},"categories":[4],"tags":[22,62994,15507,62995,1009,21337,48313,21,186,23,4344,39561],"class_list":["post-289259","post","type-post","status-publish","format-standard","has-post-thumbnail","category-actualites","tag-actualites","tag-atp-us-open-1-32","tag-carlos-alcaraz","tag-carlos-alcaraz-jaime-faria","tag-competition-sportive","tag-espagnols","tag-jaime-faria","tag-news","tag-sport","tag-suisse","tag-tennis","tag-us-open-de-tennis"],"share_on_mastodon":{"url":"https:\/\/pubeurope.com\/@ch_fr\/117205893396335831","error":""},"_links":{"self":[{"href":"https:\/\/www.europesays.com\/ch-fr\/wp-json\/wp\/v2\/posts\/289259","targetHints":{"allow":["GET"]}}],"collection":[{"href":"https:\/\/www.europesays.com\/ch-fr\/wp-json\/wp\/v2\/posts"}],"about":[{"href":"https:\/\/www.europesays.com\/ch-fr\/wp-json\/wp\/v2\/types\/post"}],"author":[{"embeddable":true,"href":"https:\/\/www.europesays.com\/ch-fr\/wp-json\/wp\/v2\/users\/2"}],"replies":[{"embeddable":true,"href":"https:\/\/www.europesays.com\/ch-fr\/wp-json\/wp\/v2\/comments?post=289259"}],"version-history":[{"count":0,"href":"https:\/\/www.europesays.com\/ch-fr\/wp-json\/wp\/v2\/posts\/289259\/revisions"}],"wp:featuredmedia":[{"embeddable":true,"href":"https:\/\/www.europesays.com\/ch-fr\/wp-json\/wp\/v2\/media\/289260"}],"wp:attachment":[{"href":"https:\/\/www.europesays.com\/ch-fr\/wp-json\/wp\/v2\/media?parent=289259"}],"wp:term":[{"taxonomy":"category","embeddable":true,"href":"https:\/\/www.europesays.com\/ch-fr\/wp-json\/wp\/v2\/categories?post=289259"},{"taxonomy":"post_tag","embeddable":true,"href":"https:\/\/www.europesays.com\/ch-fr\/wp-json\/wp\/v2\/tags?post=289259"}],"curies":[{"name":"wp","href":"https:\/\/api.w.org\/{rel}","templated":true}]}}