{"id":289267,"date":"2026-09-03T07:34:06","date_gmt":"2026-09-03T07:34:06","guid":{"rendered":"https:\/\/www.europesays.com\/ch-fr\/289267\/"},"modified":"2026-09-03T07:34:06","modified_gmt":"2026-09-03T07:34:06","slug":"tecno-megabook-t1-ce-pc-portable-a-499-e-pour-la-rentree-mise-tout-sur-son-processeur-intel-frandroid","status":"publish","type":"post","link":"https:\/\/www.europesays.com\/ch-fr\/289267\/","title":{"rendered":"Tecno Megabook T1 : ce PC portable \u00e0 499 \u20ac pour la rentr\u00e9e mise tout sur son processeur Intel &#8211; Frandroid"},"content":{"rendered":"<p><a href=\"https:\/\/news.google.com\/rss\/articles\/CBMi_gFBVV95cUxQcXBBbkcza3Q4NkJ1TWw5a1RCb2ZhOHhxSFpIV0tsQXcxWEFyaHJEVE1Lb0VQWGY2THdLN2RQOTJydlhwdGFDT1lMb2dIRUlJd0tTOHl1b1RqVmRKWTBFMnZKTHlER3ZPczVkQ1NGRTNmRlBiWDUxYzloaGdxbmRIU2RGQnB6UlhZcUl5ekk2VTg1UFhsSHR1cUJPNHZjaXBwWW9sMWQtbUdqVjUyc1REQVRXdnpfcGtFZVN6WUVnLUEySVBsTFdhS2dNT0NIYmZwZXlxeGRiSG9vUFRCTmQ1SFpuZXRZXzZmTWl6UWM0WWt1S3hFMzROZzR2d19rUQ?oc=5\" target=\"_blank\" rel=\"nofollow noopener\">Tecno Megabook T1 : ce PC portable \u00e0 499 \u20ac pour la rentr\u00e9e mise tout sur son processeur Intel<\/a>&nbsp;&nbsp;Frandroid<a href=\"https:\/\/news.google.com\/rss\/articles\/CBMixAFBVV95cUxPeUo4NXRPX1VxN3ZKNjdFaEQxZWcySXJVRm11OXBMOXM4RXd1YmxDbEY0TUxBeFNDQ3JwTFFyZXptd0FadUpqSnZuaThIRDVCMDc4S2NSZVAydlAyNmdQTnRQQ0Nna2ZQWWJYTi1OOFoyam1lal9hZlJDLWEyakh3N29zWTlydExGWUhaeEtMZkRSY1pwXzRTSEVjck9sR2FBVXVKazJ4dW9XTDUxWFBnYmxSZ3k1clg5REJPandELXRTZDZP?oc=5\" target=\"_blank\" rel=\"nofollow noopener\">Rentr\u00e9e \u00e9tudiante : E.Leclerc casse les prix sur les produits high-tech<\/a>&nbsp;&nbsp;Les Num\u00e9riques<a href=\"https:\/\/news.google.com\/rss\/articles\/CBMizAFBVV95cUxOYVlfVG0yY0FNYnUzNG9IdHA2dmEzY2E4U3g2U0c1Vm5zQ25EV29qbUxOMmtjbzdEenFRYVpqX1o1X0lyQ0ZzeXI2YzBFYkx4ZkkxLS1objVZQV9HUkpjVkxwejBER3l6UWpHU0hiaEJ4dXFGelNYWkhYTUY4WlZ4Mnl0TlNzZGs0ODZPRGVVYW91UVVrWVlsRmVHSkU0cjUwREsyRlNFdWwtTENhN3NkSmliTUdtTjdhbi1NWHh6NmpYWUE3b080eFNPeE3SAdMBQVVfeXFMTkZza1QyWjRNc3l5eFdYeXdhX1AxbWM3RjZlTm5wNENQOWl2LWlKbHFoOUdmaTFnUnNsanpRcXBXWWdKZENXNkxoTjV4TzM5eUdwTEtkU0IzZ042Y0VoRmFBWDktb01ERHhSOXV2XzBldElodW9wWm9Xa0pVS2FETFRUc05HTTg3SFpkVWRRYkJzMGdqZjI4Q1lYSXdqam83cTFNMzloU2NxT21QeGZ5TVVQanRVdmQyX252UFdCemlYY0lVeUR3OW9iWngzR2VGbllYRQ?oc=5\" target=\"_blank\" rel=\"nofollow noopener\">Comment \u00e9conomiser sur le co\u00fbt d&rsquo;un nouvel ordinateur portable pour la rentr\u00e9e?<\/a>&nbsp;&nbsp;L&rsquo;\u00c9cho de Laval<a href=\"https:\/\/news.google.com\/rss\/articles\/CBMilgJBVV95cUxOVHhOSUVzSzg0MmlxbmpUWUZfY1RaWGRyeDV0TXVESVNCakNMMUlCbVB6YloyVXBTVkVtNnhTVEVTRGhJQl9HX1F6M0Y4VXE2QWdCSzFTaVRDVWZRNEdYOWM3RTJ0RkZzQm1uYXlZRXREeW8tcmdRdVNIaWxzeWt0UV9McVFSdXFvZVNBdURpZ2ZxZy1oTlVjQWlqX04wWVZabVVCemxvcUVlUmhxWjVQSmZPaFJuTVBPbGFBQzNNX2JPRVJ1VHZVVjhjNW9VanRLRGtJQTd6eFZueklkMXJtSVJEc1pEUFBrM3htQmdYMEQ2b2hZMkFfd0Q5RGRVSmpLcGlobXpOVFV3VXlkanBHbVFVZkJDZw?oc=5\" target=\"_blank\" rel=\"nofollow noopener\">Carrefour casse ses prix pour la rentr\u00e9e : ces 3 offres sur les PC portable vont faire le bonheur des \u00e9tudiants<\/a>&nbsp;&nbsp;Le Parisien<a href=\"https:\/\/news.google.com\/rss\/articles\/CBMi3gFBVV95cUxPaW9iam5QZHJXNTJubFVTcGdwcGIxb2pqMFhEZmJyTUN1WTFhcmpuWUk4Y0JkRVF2M3luel9YV3REcVBmLTdZZXdFTW1IclJPenM0Qm1WNmNUYnNFWExsc2RxaUdFU3pETjhVTUlKYW5WR1RUd3l1Ym05T1ZOaG53a053N3Q5S0JnTEs0S2kwZWwxYzNKWEwtVENsT3JmMGMxbkVPdVdwbkJ2R0N1dm9aVVZJbFJzWlc2b0NBQVVUTEd0U3V4Q2dlZXkzcGlaWmt5TUZMdFVhVko1dWVYZFE?oc=5\" target=\"_blank\" rel=\"nofollow noopener\">Rentr\u00e9e : 3 PC portables en promotion chez Boulanger pour travailler sans exploser son budget<\/a>&nbsp;&nbsp;Le Figaro<\/p>\n","protected":false},"excerpt":{"rendered":"Tecno Megabook T1 : ce PC portable \u00e0 499 \u20ac pour la rentr\u00e9e mise tout sur son processeur&hellip;\n","protected":false},"author":2,"featured_media":289268,"comment_status":"","ping_status":"","sticky":false,"template":"","format":"standard","meta":{"footnotes":"","_share_on_mastodon":"0"},"categories":[7],"tags":[61,57,59,58,23,60,62],"class_list":["post-289267","post","type-post","status-publish","format-standard","has-post-thumbnail","category-sciences-et-technologies","tag-science","tag-science-and-technology","tag-sciences","tag-sciences-et-technologies","tag-suisse","tag-technologies","tag-technology"],"share_on_mastodon":{"url":"https:\/\/pubeurope.com\/@ch_fr\/117205956312358812","error":""},"_links":{"self":[{"href":"https:\/\/www.europesays.com\/ch-fr\/wp-json\/wp\/v2\/posts\/289267","targetHints":{"allow":["GET"]}}],"collection":[{"href":"https:\/\/www.europesays.com\/ch-fr\/wp-json\/wp\/v2\/posts"}],"about":[{"href":"https:\/\/www.europesays.com\/ch-fr\/wp-json\/wp\/v2\/types\/post"}],"author":[{"embeddable":true,"href":"https:\/\/www.europesays.com\/ch-fr\/wp-json\/wp\/v2\/users\/2"}],"replies":[{"embeddable":true,"href":"https:\/\/www.europesays.com\/ch-fr\/wp-json\/wp\/v2\/comments?post=289267"}],"version-history":[{"count":0,"href":"https:\/\/www.europesays.com\/ch-fr\/wp-json\/wp\/v2\/posts\/289267\/revisions"}],"wp:featuredmedia":[{"embeddable":true,"href":"https:\/\/www.europesays.com\/ch-fr\/wp-json\/wp\/v2\/media\/289268"}],"wp:attachment":[{"href":"https:\/\/www.europesays.com\/ch-fr\/wp-json\/wp\/v2\/media?parent=289267"}],"wp:term":[{"taxonomy":"category","embeddable":true,"href":"https:\/\/www.europesays.com\/ch-fr\/wp-json\/wp\/v2\/categories?post=289267"},{"taxonomy":"post_tag","embeddable":true,"href":"https:\/\/www.europesays.com\/ch-fr\/wp-json\/wp\/v2\/tags?post=289267"}],"curies":[{"name":"wp","href":"https:\/\/api.w.org\/{rel}","templated":true}]}}