{"id":289293,"date":"2026-09-03T08:03:09","date_gmt":"2026-09-03T08:03:09","guid":{"rendered":"https:\/\/www.europesays.com\/ch-fr\/289293\/"},"modified":"2026-09-03T08:03:09","modified_gmt":"2026-09-03T08:03:09","slug":"dans-la-derniere-des-wilberforce-julia-kerninon-regle-les-comptes-entre-deux-fratries-separees-par-les-drames-dans-un-excellent-cluedo-familial","status":"publish","type":"post","link":"https:\/\/www.europesays.com\/ch-fr\/289293\/","title":{"rendered":"Dans \u00ab\u00a0La Derni\u00e8re des Wilberforce\u00a0\u00bb, Julia Kerninon r\u00e8gle les comptes entre deux fratries s\u00e9par\u00e9es par les drames dans un excellent Cluedo familial"},"content":{"rendered":"<p>    Publi\u00e9 le 03\/09\/2026 06:00<\/p>\n<p>        Temps de lecture : 5min<\/p>\n<p>    <img decoding=\"async\"  alt=\"Portrait de l'autrice Julia Kerninon, \u00e0 Paris. (DORIAN PROST)\" width=\"100\" height=\"100\" src=\"https:\/\/www.europesays.com\/ch-fr\/wp-content\/uploads\/2026\/09\/6a982b4900bf8553476210.jpg\" fetchpriority=\"high\"\/><\/p>\n<p>      Portrait de l&rsquo;autrice Julia Kerninon, \u00e0 Paris. (DORIAN PROST)<\/p>\n<p>\n  La romanci\u00e8re revient avec l&rsquo;histoire de deux familles \u2013\u00a0les Schnabel et les Wilberforce\u00a0\u2013 qui se retrouvent dix ans apr\u00e8s les morts myst\u00e9rieuses de leurs a\u00een\u00e9s, dans un subtil Meccano orchestr\u00e9 autour d&rsquo;une vengeance diablement pr\u00e9par\u00e9e.\n<\/p>\n<p>Paru le 20\u00a0ao\u00fbt aux \u00e9ditions de l&rsquo;Iconoclaste, La Derni\u00e8re des Wilberforce de Julia Kerninon poss\u00e8de tous les atours du thriller psychologique bien trouss\u00e9 qui se lit d&rsquo;une traite. L&rsquo;autrice distillant au c\u0153ur de son nouveau roman un savant m\u00e9lange de suspense British sur fond d&rsquo;enfances saccag\u00e9es et d&rsquo;\u00e9mancipation f\u00e9minine.<\/p>\n<p>Romanci\u00e8re \u00e0 succ\u00e8s, Diane Schnabel organise un soir d&rsquo;\u00e9t\u00e9 une grande f\u00eate dans le splendide jardin de sa propri\u00e9t\u00e9 juch\u00e9e sur une presqu&rsquo;\u00eele bretonne o\u00f9 elle s&rsquo;est install\u00e9e quelques ann\u00e9es plus t\u00f4t avec Max, son ombrageux mari, verbicruciste r\u00e9put\u00e9 d&rsquo;un grand quotidien. Waldo, leur fils cadet, vient d&rsquo;arriver, la mine sombre. S&rsquo;il conserve avec ses parents un rapport poli depuis qu&rsquo;il a quitt\u00e9 le nid familial, revenir sur la presqu&rsquo;\u00eele constitue pour lui une \u00e9preuve. L&rsquo;endroit lui \u00e9voquant d&rsquo;horribles souvenirs.<\/p>\n<p>Longtemps, les Schnabel passaient leurs \u00e9t\u00e9s \u00e0 l&rsquo;h\u00f4tel de la plage tenu non loin de l\u00e0 par Eva Wilberforce, dont les filles Annabel et Olivia formaient avec Waldo et son fr\u00e8re a\u00een\u00e9 Adam, un quatuor r\u00eav\u00e9 de gamins ins\u00e9parables. \u00ab\u00a0Jumeaux Cosmiques\u00a0\u00bb, fratries fusionnelles encourag\u00e9es par l&rsquo;amiti\u00e9 profonde liant leurs m\u00e8res Diane et Eva.<\/p>\n<p>Mais l&rsquo;\u00e9t\u00e9 des 16\u00a0ans d&rsquo;Annabel et Adam, la trag\u00e9die s&rsquo;invite \u00e0 la table familiale. Annabel est retrouv\u00e9e noy\u00e9e sur une plage recul\u00e9e, tandis qu&rsquo;Adam se suicide quarante-huit heures apr\u00e8s la d\u00e9couverte du corps de l&rsquo;adolescente. Qu&rsquo;est-il r\u00e9ellement arriv\u00e9 \u00e0 ces enfants\u00a0? Quel secret ont-ils emport\u00e9 dans la tombe\u00a0? Le soir de la f\u00eate de Diane, la famille Wilberforce fait \u00e9galement partie des invit\u00e9s. Si tout ce petit monde se retrouve comme si de rien n&rsquo;\u00e9tait une d\u00e9cennie apr\u00e8s les drames, quelque chose couve dans les all\u00e9es bord\u00e9es de lauriers blancs. Et les langues ne vont pas tarder \u00e0 se d\u00e9lier\u2026<\/p>\n<p>Julia Kerninon appartient \u00e0 ces autrices qui construisent depuis les premiers textes une \u0153uvre qui place la question f\u00e9minine au centre de la r\u00e9flexion. De Buvard (2014, \u00e9ditions du Rouergue) \u00e0 Liv Maria (2022, L&rsquo;Iconoclaste) en passant Sauvage (2023, L&rsquo;Iconoclaste) et son essai remarqu\u00e9 Toucher la terre ferme (2023, L&rsquo;Iconoclaste) qui d\u00e9crivait sans fard l&rsquo;exp\u00e9rience de la maternit\u00e9, la romanci\u00e8re nantaise s&rsquo;attache \u00e0 \u00ab\u00a0<a href=\"https:\/\/www.lemonde.fr\/livres\/article\/2023\/09\/17\/julia-kerninon-representer-les-femmes-comme-elle-sont-dans-la-vie_6189758_3260.html?srsltid=AfmBOoprInpJDmv7EavDFArYrI5vt8c1JDFUMnZ8PBz_sTwbIaWLkVKC\" target=\"_blank\" rel=\"noopener nofollow\" data-tooltip-url=\"https:\/\/www.lemonde.fr\/livres\/article\/2023\/09\/17\/julia-kerninon-representer-les-femmes-comme-elle-sont-dans-la-vie_6189758_3260.html?srsltid=AfmBOoprInpJDmv7EavDFArYrI5vt8c1JDFUMnZ8PBz_sTwbIaWLkVKC\">repr\u00e9senter les femmes comme elles sont dans la vie\u00a0\u00bb<\/a>, disait-elle dans Le\u00a0Monde, d\u00e9peignant subtilement autour d&rsquo;elles la ronde des amis, des amants, des emmerdes et ce qu&rsquo;il en co\u00fbte pour celles qui ne veulent renoncer \u00e0 rien. N&rsquo;occultant ni les failles ni les blessures avec cette fa\u00e7on tr\u00e8s personnelle d&rsquo;occuper le terrain \u00e0 bonne distance des clich\u00e9s d&rsquo;h\u00e9ro\u00efnes forc\u00e9ment puissantes, rab\u00e2ch\u00e9s par l&rsquo;air du temps.<\/p>\n<p>Son nouveau roman ne fait pas exception, reprenant, derri\u00e8re le myst\u00e8re entourant la mort tragique de deux adolescents, ses th\u00e8mes favoris (la maternit\u00e9, les liens fraternels, l&#8217;emprise paternelle, le besoin de r\u00e9paration, la responsabilit\u00e9) r\u00e9unis cette fois-ci dans un questionnement central\u00a0: est-il possible de prot\u00e9ger ses enfants du mal environnant d&rsquo;o\u00f9 qu&rsquo;il vienne\u00a0? \u00c0 quel moment, quand les adolescents grandissent, devient-il si compliqu\u00e9 de \u00ab\u00a0reconna\u00eetre ce qui est implicite, et non seulement ce qui est dit\u00a0\u00bb, ainsi que l&rsquo;\u00e9crit, en exergue du livre, le critique d&rsquo;art britannique William Feaver\u00a0?<\/p>\n<p>Sans vouloir divulguer les ressorts d&rsquo;une intrigue men\u00e9e au cordeau, ramass\u00e9e en quatre chapitres donnant tour \u00e0 tour la parole aux m\u00e8res, aux filles et fils des deux familles en pr\u00e9sence, on peut n\u00e9anmoins en exposer les lignes fortes qui structurent ce beau roman de rentr\u00e9e.<\/p>\n<p>\u00c0 commencer par l&rsquo;\u00e9pineuse question de ce que devrait \u00eatre une \u00ab\u00a0m\u00e8re acceptable\u00a0\u00bb. Dans le roman, Diane et Eva composent les deux faces d&rsquo;une m\u00eame m\u00e9daille. Elles incarnent des femmes aux prises avec des compagnons violents ou d\u00e9faillants, oblig\u00e9es de retrousser tr\u00e8s haut leurs manches pour \u00e9lever leurs enfants, sans sacrifier pour Diane sa carri\u00e8re d&rsquo;\u00e9crivain ch\u00e8rement conquise et pour Eva, sa libert\u00e9 de femme amoureuse. Est-on toujours cens\u00e9e penser \u00e0 ses enfants avant tout\u00a0?<\/p>\n<p>Kerninon ne tranche pas la transgressive question, mais il s&rsquo;agit bien de cela quand la trag\u00e9die survient et avec elle son lot de culpabilit\u00e9. Pendant ce temps-l\u00e0, o\u00f9 regardent les p\u00e8res \u00e0 qui personne ne demande de comptes\u00a0? Des p\u00e8res d\u00e9crits suivant le motif d&rsquo;une masculinit\u00e9 toxique qui attend toujours son aggiornamento, l\u00e9guant en h\u00e9ritage comme une tache de naissance une violence enracin\u00e9e dont seule une certaine forme de solidarit\u00e9 f\u00e9minine pourra triompher dans un d\u00e9nouement inattendu. Julia Kerninon conna\u00eet bien ses classiques\u2026<\/p>\n<p>\u00ab\u00a0La Derni\u00e8re des Wilberforce\u00a0\u00bb de Julia Kerninon, \u00e9ditions de L&rsquo;Iconoclaste, 279\u00a0pages, 21,50\u00a0euros.<\/p>\n<p>    <img loading=\"lazy\" decoding=\"async\" class=\"cms-media-image lazyload\" alt=\"Couverture du livre de Julia Kerninon. (EDITIONS DE L'ICONOCLASTE)\" width=\"750\" height=\"1028\" data- src=\"https:\/\/www.europesays.com\/ch-fr\/wp-content\/uploads\/2026\/09\/6a982b738490b862847202.jpg\"\/><\/p>\n<p>      Couverture du livre de Julia Kerninon. (EDITIONS DE L&rsquo;ICONOCLASTE)<\/p>\n<p>Extrait\u00a0: \u00ab\u00a0Dans les premiers jours du premier automne de l&rsquo;apr\u00e8s-Annabel, Magdalen \u00e9tait venue frapper \u00e0 la porte d&rsquo;Eva. Tous les traits de son visage adoucis par la tristesse, elle avait dit Il faut trouver qui a fait \u00e7a. Tu sais tr\u00e8s bien qu&rsquo;elle ne s&rsquo;est pas noy\u00e9e toute seule. Pas une Wilberforce. Ses yeux \u00e9tincelaient de col\u00e8re. Eva \u00e9tait \u00e9puis\u00e9e, elle ne parvenait pas \u00e0 r\u00e9fl\u00e9chir. Sans Diane pour l&rsquo;aider \u00e0 ordonner ses pens\u00e9es, elle se sentait perdue. Elle se rappelait comment elle avait encourag\u00e9 Diane \u00e0 \u00e9crire, toutes ces ann\u00e9es, comment elle lui avait jur\u00e9 que \u00e7a allait marcher, \u00e0 la fin, qu&rsquo;elle avait raison de suivre son d\u00e9sir. Elle se souvenait de lui avoir dit, en plongeant avec s\u00e9rieux les yeux dans les siens Tu crois que parce que tu veux \u00eatre une bonne \u00e9crivaine, tu ne peux pas \u00eatre une bonne m\u00e8re, mais je te le dis, Diane Schnabel, tu es une m\u00e8re tout \u00e0 fait acceptable. Est-ce qu&rsquo;elle le pensait encore\u00a0? Diane. Et Adam. Adam qui s&rsquo;\u00e9tait tu\u00e9 d\u00e8s qu&rsquo;on avait d\u00e9couvert le corps d&rsquo;Annabel, comme un aveu qui pourtant sonnait faux. Pourquoi Adam\u00a0? Elle ne pouvait pas parler de \u00e7a avec Diane. Elle lui manquait cruellement, mais quand elle y songeait, elle ne parvenait pas \u00e0 trouver une seule phrase \u00e0 lui dire, une poign\u00e9e de mots coh\u00e9rents pour ouvrir la conversation. C&rsquo;\u00e9tait impossible d&rsquo;imaginer s&rsquo;adresser \u00e0 Diane sans lui demander Qu&rsquo;est-ce que ton enfant a fait \u00e0 mon enfant\u00a0? et c&rsquo;\u00e9tait une phrase qu&rsquo;elle n&rsquo;\u00e9tait toujours pas pr\u00eate \u00e0 prononcer. Qu&rsquo;est-ce que les enfants avaient fait\u00a0? Qu&rsquo;est-ce qui s&rsquo;\u00e9tait tram\u00e9, pendant qu&rsquo;elle et Diane parlaient ensemble sans s&rsquo;inqui\u00e9ter\u00a0? Sa tristesse lui prenait toute son \u00e9nergie. Elle avait laiss\u00e9 filer les ann\u00e9es.\u00a0\u00bb (page\u00a0218)<\/p>\n","protected":false},"excerpt":{"rendered":"Publi\u00e9 le 03\/09\/2026 06:00 Temps de lecture : 5min Portrait de l&rsquo;autrice Julia Kerninon, \u00e0 Paris. (DORIAN PROST)&hellip;\n","protected":false},"author":2,"featured_media":289294,"comment_status":"","ping_status":"","sticky":false,"template":"","format":"standard","meta":{"footnotes":"","_share_on_mastodon":"0"},"categories":[15],"tags":[158,157,113,112,159,23],"class_list":["post-289293","post","type-post","status-publish","format-standard","has-post-thumbnail","category-people","tag-celebrities","tag-celebrity","tag-divertissement","tag-entertainment","tag-people","tag-suisse"],"share_on_mastodon":{"url":"https:\/\/pubeurope.com\/@ch_fr\/117206070938275582","error":""},"_links":{"self":[{"href":"https:\/\/www.europesays.com\/ch-fr\/wp-json\/wp\/v2\/posts\/289293","targetHints":{"allow":["GET"]}}],"collection":[{"href":"https:\/\/www.europesays.com\/ch-fr\/wp-json\/wp\/v2\/posts"}],"about":[{"href":"https:\/\/www.europesays.com\/ch-fr\/wp-json\/wp\/v2\/types\/post"}],"author":[{"embeddable":true,"href":"https:\/\/www.europesays.com\/ch-fr\/wp-json\/wp\/v2\/users\/2"}],"replies":[{"embeddable":true,"href":"https:\/\/www.europesays.com\/ch-fr\/wp-json\/wp\/v2\/comments?post=289293"}],"version-history":[{"count":0,"href":"https:\/\/www.europesays.com\/ch-fr\/wp-json\/wp\/v2\/posts\/289293\/revisions"}],"wp:featuredmedia":[{"embeddable":true,"href":"https:\/\/www.europesays.com\/ch-fr\/wp-json\/wp\/v2\/media\/289294"}],"wp:attachment":[{"href":"https:\/\/www.europesays.com\/ch-fr\/wp-json\/wp\/v2\/media?parent=289293"}],"wp:term":[{"taxonomy":"category","embeddable":true,"href":"https:\/\/www.europesays.com\/ch-fr\/wp-json\/wp\/v2\/categories?post=289293"},{"taxonomy":"post_tag","embeddable":true,"href":"https:\/\/www.europesays.com\/ch-fr\/wp-json\/wp\/v2\/tags?post=289293"}],"curies":[{"name":"wp","href":"https:\/\/api.w.org\/{rel}","templated":true}]}}