{"id":289297,"date":"2026-09-03T08:09:05","date_gmt":"2026-09-03T08:09:05","guid":{"rendered":"https:\/\/www.europesays.com\/ch-fr\/289297\/"},"modified":"2026-09-03T08:09:05","modified_gmt":"2026-09-03T08:09:05","slug":"en-images-obseques-de-philippe-bouvard-chantal-ladesou-julien-lepers-lheure-des-adieux-a-cannes","status":"publish","type":"post","link":"https:\/\/www.europesays.com\/ch-fr\/289297\/","title":{"rendered":"En images. Obs\u00e8ques de Philippe Bouvard\u00a0: Chantal Ladesou, Julien Lepers&#8230; l&rsquo;heure des adieux \u00e0 Cannes"},"content":{"rendered":"<p>Les obs\u00e8ques du journaliste et animateur radio Philippe Bouvard, <a href=\"https:\/\/www.leprogres.fr\/societe\/2026\/08\/24\/ex-animateur-vedette-des-i-grosses-tetes-i-philippe-bouvard-a-tire-sa-reverence\" target=\"_blank\" rel=\"nofollow noopener\">d\u00e9c\u00e9d\u00e9 le 24 ao\u00fbt \u00e0 l&rsquo;\u00e2ge de 96 ans<\/a>, ont eu lieu ce lundi \u00e0 l&rsquo;\u00e9glise Notre-Dame-de-Bon-Voyage, \u00e0 Cannes (Alpes-Maritimes), o\u00f9 il s&rsquo;\u00e9tait retir\u00e9 ces derni\u00e8res ann\u00e9es avec sa femme Colette Bouvard-Sauvage, qu&rsquo;il avait \u00e9pous\u00e9e en 1953.<\/p>\n<p>La com\u00e9dienne Marianne James, les humoristes Jacques Mailhot ou Chantal Ladesou, l&rsquo;ex-animateur Julien Lepers : tous avaient tenu, malgr\u00e9 ce jour de rentr\u00e9e des m\u00e9dias \u00e0 Paris, \u00e0 participer \u00e0 ce dernier hommage <a href=\"https:\/\/www.leprogres.fr\/societe\/2026\/08\/24\/mort-de-philippe-bouvard-quand-l-animateur-evoquait-le-succes-des-grosses-tetes\" target=\"_blank\" rel=\"nofollow noopener\">au cr\u00e9ateur des \u00ab\u00a0Grosses T\u00eates\u00a0\u00bb<\/a>, l&rsquo;\u00e9mission-culte de RTL n\u00e9e en 1977. \u00ab Il \u00e9tait charmant, doux, gentil, adorable, g\u00e9n\u00e9reux et il montrait qu&rsquo;il vous aimait \u00bb, a t\u00e9moign\u00e9 Chantal Ladesou.<\/p>\n<p>\u00ab \u00c0 huit ans, je voulais vivre \u00e0 Cannes et ne pas mourir ailleurs, disait-il. C&rsquo;est fait \u00bb, a rappel\u00e9 le maire de Cannes David Lisnard, usant \u00e0 son tour d&rsquo;un bon mot en faisant remarquer que Philippe Bouvard, <a href=\"https:\/\/www.leprogres.fr\/societe\/2026\/08\/24\/mort-de-philippe-bouvard-grandes-amities-longue-carriere-retrouvez-sa-vie-en-dix-images\" target=\"_blank\" rel=\"nofollow noopener\">joueur inv\u00e9t\u00e9r\u00e9 et amateur de Rolls-Royce<\/a>, avait r\u00e9ussi \u00e0 garer son cercueil \u00e0 deux pas d&rsquo;un casino&#8230;<\/p>\n","protected":false},"excerpt":{"rendered":"Les obs\u00e8ques du journaliste et animateur radio Philippe Bouvard, d\u00e9c\u00e9d\u00e9 le 24 ao\u00fbt \u00e0 l&rsquo;\u00e2ge de 96 ans,&hellip;\n","protected":false},"author":2,"featured_media":289298,"comment_status":"","ping_status":"","sticky":false,"template":"","format":"standard","meta":{"footnotes":"","_share_on_mastodon":"0"},"categories":[10],"tags":[663,113,112,297,91,2727,1913,1770,159,754,23,753],"class_list":["post-289297","post","type-post","status-publish","format-standard","has-post-thumbnail","category-divertissement","tag-culture-loisirs","tag-divertissement","tag-entertainment","tag-fil-info","tag-france-monde","tag-galerie-media","tag-galerie-photo","tag-necrologie","tag-people","tag-selection-de-la-redaction","tag-suisse","tag-television-medias"],"share_on_mastodon":{"url":"https:\/\/pubeurope.com\/@ch_fr\/117206094288949636","error":""},"_links":{"self":[{"href":"https:\/\/www.europesays.com\/ch-fr\/wp-json\/wp\/v2\/posts\/289297","targetHints":{"allow":["GET"]}}],"collection":[{"href":"https:\/\/www.europesays.com\/ch-fr\/wp-json\/wp\/v2\/posts"}],"about":[{"href":"https:\/\/www.europesays.com\/ch-fr\/wp-json\/wp\/v2\/types\/post"}],"author":[{"embeddable":true,"href":"https:\/\/www.europesays.com\/ch-fr\/wp-json\/wp\/v2\/users\/2"}],"replies":[{"embeddable":true,"href":"https:\/\/www.europesays.com\/ch-fr\/wp-json\/wp\/v2\/comments?post=289297"}],"version-history":[{"count":0,"href":"https:\/\/www.europesays.com\/ch-fr\/wp-json\/wp\/v2\/posts\/289297\/revisions"}],"wp:featuredmedia":[{"embeddable":true,"href":"https:\/\/www.europesays.com\/ch-fr\/wp-json\/wp\/v2\/media\/289298"}],"wp:attachment":[{"href":"https:\/\/www.europesays.com\/ch-fr\/wp-json\/wp\/v2\/media?parent=289297"}],"wp:term":[{"taxonomy":"category","embeddable":true,"href":"https:\/\/www.europesays.com\/ch-fr\/wp-json\/wp\/v2\/categories?post=289297"},{"taxonomy":"post_tag","embeddable":true,"href":"https:\/\/www.europesays.com\/ch-fr\/wp-json\/wp\/v2\/tags?post=289297"}],"curies":[{"name":"wp","href":"https:\/\/api.w.org\/{rel}","templated":true}]}}