{"id":289303,"date":"2026-09-03T08:12:15","date_gmt":"2026-09-03T08:12:15","guid":{"rendered":"https:\/\/www.europesays.com\/ch-fr\/289303\/"},"modified":"2026-09-03T08:12:15","modified_gmt":"2026-09-03T08:12:15","slug":"lunettes-meta-pourquoi-le-groupe-desactive-des-cameras","status":"publish","type":"post","link":"https:\/\/www.europesays.com\/ch-fr\/289303\/","title":{"rendered":"Lunettes Meta\u00a0: pourquoi le groupe d\u00e9sactive des cam\u00e9ras"},"content":{"rendered":"<p>Meta a d\u00e9sactiv\u00e9 les fonctions photo et vid\u00e9o de milliers de lunettes connect\u00e9es apr\u00e8s avoir d\u00e9tect\u00e9 que leur voyant de captation avait \u00e9t\u00e9 alt\u00e9r\u00e9, r\u00e9v\u00e8le le m\u00e9dia en ligne <a href=\"https:\/\/www.semafor.com\/article\/09\/01\/2026\/meta-disables-cameras-on-thousands-of-tampered-smart-glasses\" target=\"_self\" rel=\"nofollow noopener\">Semafor<\/a>. L\u2019entreprise revendique moins de 0,1\u00a0% d\u2019appareils concern\u00e9s, mais le volume suffit \u00e0 faire soup\u00e7onner un risque plus large\u00a0: celui d\u2019une cam\u00e9ra portable capable de se fondre dans l\u2019espace public sans que les personnes film\u00e9es puissent l\u2019identifier.<\/p>\n<p>Les porteurs dont le dispositif a \u00e9t\u00e9 modifi\u00e9 ne pourront plus utiliser la cam\u00e9ra de leurs lunettes pour prendre des photos ou enregistrer des vid\u00e9os. Les appareils conservent leurs fonctions audio et de connexion, mais perdent l\u2019un de leurs principaux arguments commerciaux. Meta transforme ainsi une infraction mat\u00e9rielle, la neutralisation du voyant, en sanction logicielle appliqu\u00e9e directement au produit.<\/p>\n<p>Le groupe n\u2019a pas publi\u00e9 de d\u00e9compte pr\u00e9cis. Il estime toutefois que moins de 0,1\u00a0% des lunettes vendues ont fait l\u2019objet d\u2019une alt\u00e9ration. Cette part repr\u00e9sente malgr\u00e9 tout des milliers de paires, ce qui donne une dimension industrielle \u00e0 un ph\u00e9nom\u00e8ne n\u00e9 de bricolages individuels et de tutoriels publi\u00e9s sur les r\u00e9seaux sociaux.<\/p>\n<p><a target=\"_self\" href=\"https:\/\/www.latribune.fr\/technos-medias\/informatique\/lunettes-connectees-meta-ray-ban-recit-d-une-success-story-inattendue-1031278.html\" rel=\"nofollow noopener\"><\/p>\n<p class=\"text-[12px] mb-[12px] font-bold ltd:leading-[16px]\">A LIRE AUSSI<\/p>\n<p class=\"text-[20px] ac:text-[18px] leading-[120%] ac:leading-[130%] text-lt-primary-dark ac:text-ac-primary font-slab font-bold ltd:font-semibold ltd:tracking-[-0.4px] ac:font-ac-slab ltd:font-ltd-slab\">Lunettes connect\u00e9es Meta Ray-Ban : r\u00e9cit d\u2019une \u00ab\u00a0success story\u00a0\u00bb inattendue<\/p>\n<p><\/a><\/p>\n<p>La mesure r\u00e9v\u00e8le aussi la nature du contrat commercial attach\u00e9 \u00e0 ces lunettes. L\u2019acheteur poss\u00e8de la monture, mais Meta conserve le pouvoir technique de rendre inaccessible des fonctions lorsque les m\u00e9canismes de confidentialit\u00e9 du produit sont d\u00e9grad\u00e9s. Ce simple alin\u00e9a red\u00e9finit brutalement ce que signifie poss\u00e9der un produit connect\u00e9.<\/p>\n<p>Un voyant lumineux devenu infrastructure de confiance&#13;\n<\/p>\n<p>Sur chaque paire, un LED blanc clignote pendant la prise de vue. Il s\u2019allume bri\u00e8vement pour une photo et reste actif pendant l\u2019enregistrement vid\u00e9o afin de signaler aux personnes autour du porteur qu\u2019une captation est en cours. <a href=\"https:\/\/about.fb.com\/news\/2026\/07\/metas-ai-glasses-your-questions-answered\/\" target=\"_blank\" rel=\"noopener nofollow\">Meta affirme que ce voyant de capture ne comporte aucun bouton permettant de l\u2019\u00e9teindre<\/a>.<\/p>\n<p>NewsletterMa Tribune<\/p>\n<p class=\"text-2xl mb-[16px]\">L\u2019actualit\u00e9 qui compte pour vous, chaque jour dans votre bo\u00eete mail.<\/p>\n<p>S&rsquo;inscrireS&rsquo;inscrireS&rsquo;inscrire<img alt=\"Illustration de la newsletter Ma Tribune\" loading=\"lazy\" decoding=\"async\" data-nimg=\"fill\" class=\"relative! rounded-xl\" style=\"position:absolute;height:100%;width:100%;left:0;top:0;right:0;bottom:0;object-fit:cover;color:transparent\"   src=\"https:\/\/www.europesays.com\/ch-fr\/wp-content\/uploads\/2026\/09\/1788423135_107_ma-tribune.png\"\/><\/p>\n","protected":false},"excerpt":{"rendered":"Meta a d\u00e9sactiv\u00e9 les fonctions photo et vid\u00e9o de milliers de lunettes connect\u00e9es apr\u00e8s avoir d\u00e9tect\u00e9 que leur&hellip;\n","protected":false},"author":2,"featured_media":289304,"comment_status":"","ping_status":"","sticky":false,"template":"","format":"standard","meta":{"footnotes":"","_share_on_mastodon":"0"},"categories":[7],"tags":[449,62999,61,57,59,58,23,11219,60,62],"class_list":["post-289303","post","type-post","status-publish","format-standard","has-post-thumbnail","category-sciences-et-technologies","tag-449","tag-meta-a-coupe-la-camera-de-milliers-de-lunettes-ia-apres-le-detournement-du-voyant","tag-science","tag-science-and-technology","tag-sciences","tag-sciences-et-technologies","tag-suisse","tag-tech-ia","tag-technologies","tag-technology"],"share_on_mastodon":{"url":"https:\/\/pubeurope.com\/@ch_fr\/117206106300670531","error":""},"_links":{"self":[{"href":"https:\/\/www.europesays.com\/ch-fr\/wp-json\/wp\/v2\/posts\/289303","targetHints":{"allow":["GET"]}}],"collection":[{"href":"https:\/\/www.europesays.com\/ch-fr\/wp-json\/wp\/v2\/posts"}],"about":[{"href":"https:\/\/www.europesays.com\/ch-fr\/wp-json\/wp\/v2\/types\/post"}],"author":[{"embeddable":true,"href":"https:\/\/www.europesays.com\/ch-fr\/wp-json\/wp\/v2\/users\/2"}],"replies":[{"embeddable":true,"href":"https:\/\/www.europesays.com\/ch-fr\/wp-json\/wp\/v2\/comments?post=289303"}],"version-history":[{"count":0,"href":"https:\/\/www.europesays.com\/ch-fr\/wp-json\/wp\/v2\/posts\/289303\/revisions"}],"wp:featuredmedia":[{"embeddable":true,"href":"https:\/\/www.europesays.com\/ch-fr\/wp-json\/wp\/v2\/media\/289304"}],"wp:attachment":[{"href":"https:\/\/www.europesays.com\/ch-fr\/wp-json\/wp\/v2\/media?parent=289303"}],"wp:term":[{"taxonomy":"category","embeddable":true,"href":"https:\/\/www.europesays.com\/ch-fr\/wp-json\/wp\/v2\/categories?post=289303"},{"taxonomy":"post_tag","embeddable":true,"href":"https:\/\/www.europesays.com\/ch-fr\/wp-json\/wp\/v2\/tags?post=289303"}],"curies":[{"name":"wp","href":"https:\/\/api.w.org\/{rel}","templated":true}]}}