{"id":289305,"date":"2026-09-03T08:13:16","date_gmt":"2026-09-03T08:13:16","guid":{"rendered":"https:\/\/www.europesays.com\/ch-fr\/289305\/"},"modified":"2026-09-03T08:13:16","modified_gmt":"2026-09-03T08:13:16","slug":"france-jusqua-20-e-de-taxe-sur-les-produits-shein-et-temu","status":"publish","type":"post","link":"https:\/\/www.europesays.com\/ch-fr\/289305\/","title":{"rendered":"France : jusqu&rsquo;\u00e0 20 \u20ac de taxe sur les produits Shein et Temu"},"content":{"rendered":"<p>  Par&amp;nbsp<a href=\"https:\/\/fr.euronews.com\/profils\/2562\" rel=\"nofollow noopener\" target=\"_blank\">Angela Symons<\/a>&amp;nbspavec&amp;nbspAFP<\/p>\n<p>\n         Publi\u00e9 le<br \/>\n            01\/09\/2026 &#8211; 17:08 UTC+2\n            <\/p>\n<p>La France durcit le ton contre la mode ultra-rapide avec un nouveau pr\u00e9l\u00e8vement qui pourrait \u00e0 terme atteindre pr\u00e8s de 20 \u20ac par v\u00eatement.<\/p>\n<p>          <img decoding=\"async\" class=\"c-ad__placeholder__logo\" src=\"https:\/\/static.euronews.com\/website\/images\/logos\/logo-euronews-stacked-outlined-72x72-grey-9.svg\" width=\"72\" height=\"72\" alt=\"\" loading=\"lazy\"\/><br \/>\n          PUBLICIT\u00c9<\/p>\n<p>          <img decoding=\"async\" class=\"c-ad__placeholder__logo\" src=\"https:\/\/static.euronews.com\/website\/images\/logos\/logo-euronews-stacked-outlined-72x72-grey-9.svg\" width=\"72\" height=\"72\" alt=\"\" loading=\"lazy\"\/><br \/>\n          PUBLICIT\u00c9<\/p>\n<p>Ce pr\u00e9l\u00e8vement, qui entre en vigueur le 1er septembre, vise les grandes plateformes de commerce en ligne, dont Shein.<\/p>\n<p>Il fait suite \u00e0 une l\u00e9gislation adopt\u00e9e par le Parlement fran\u00e7ais en juin pour encadrer les entreprises connues pour vendre de grandes quantit\u00e9s de v\u00eatements de moindre qualit\u00e9 \u00e0 des prix cass\u00e9s.<\/p>\n<p>Il s\u2019inscrit dans un effort plus large pour mettre au pas les g\u00e9ants asiatiques du commerce en ligne, comme Shein, Temu et AliExpress, dont la popularit\u00e9 a explos\u00e9 en France ces derni\u00e8res ann\u00e9es.<\/p>\n<p>\u00ab\u00a0Les effets n\u00e9fastes de la mode ultra-rapide sur notre <a href=\"https:\/\/fr.euronews.com\/2026\/07\/24\/mode-ultra-jetable-69-de-nos-vetements-contiennent-des-substances-chimiques-toxiques\" rel=\"nofollow noopener\" target=\"_blank\">environnement<\/a> et notre \u00e9conomie sont bien connus et document\u00e9s\u00a0\u00bb, a d\u00e9clar\u00e9 Mathieu Lefevre, ministre de la Transition \u00e9cologique, vendredi 28 ao\u00fbt, lors de la publication des d\u00e9tails de la mesure.<\/p>\n<p>Comment sera fix\u00e9 le pr\u00e9l\u00e8vement fran\u00e7ais sur la mode ultra-rapide ?<\/p>\n<p>Selon la loi, la qualification de mode ultra-rapide sera d\u00e9termin\u00e9e selon deux crit\u00e8res : le volume de v\u00eatements mis sur le march\u00e9 et le co\u00fbt de la r\u00e9paration des v\u00eatements par rapport \u00e0 leur prix d\u2019achat.<\/p>\n<p>Le pr\u00e9l\u00e8vement par article variera selon un bar\u00e8me, en fonction du score de chaque produit sur ces deux crit\u00e8res.<\/p>\n<p>En 2026, les entreprises paieront des montants comme un pr\u00e9l\u00e8vement de 50 centimes sur les sous-v\u00eatements class\u00e9s dans la cat\u00e9gorie ultra-fast fashion, qui passera \u00e0 2 \u20ac pour les T-shirts, 9 \u20ac pour les jeans et 12 \u20ac pour une veste.<\/p>\n<p>Ce pr\u00e9l\u00e8vement pourra atteindre jusqu\u2019\u00e0 19,50 \u20ac par article d\u2019ici 2030, m\u00eame si le plafond reste fix\u00e9 \u00e0 50 % du prix du produit hors taxe.<\/p>\n<p>Un outil permettant de collecter des donn\u00e9es de mani\u00e8re ind\u00e9pendante, plut\u00f4t que de s\u2019en remettre uniquement aux d\u00e9clarations des entreprises, est en cours de d\u00e9veloppement, a pr\u00e9cis\u00e9 le cabinet de Lefevre.<\/p>\n<p>Shein \u2013 valoris\u00e9e lundi \u00e0 26,3 milliards de dollars (22,7 milliards d\u2019euros) lors de sa tr\u00e8s attendue <a href=\"https:\/\/fr.euronews.com\/2026\/09\/01\/shein-chute-a-hong-kong-penalisee-par-les-droits-sur-les-colis-et-la-guerre-en-iran\" rel=\"nofollow noopener\" target=\"_blank\">introduction en Bourse<\/a> \u00e0 Hong Kong \u2013 a refus\u00e9 de commenter lorsque l\u2019agence AFP l\u2019a sollicit\u00e9e.<\/p>\n<p>Temu et AliExpress n\u2019ont pas imm\u00e9diatement r\u00e9pondu aux demandes de commentaires.<\/p>\n<p>Les enseignes europ\u00e9ennes seront-elles exempt\u00e9es de ce pr\u00e9l\u00e8vement ?<\/p>\n<p>La mesure suscite des critiques quant aux enseignes qu\u2019elle va toucher.<\/p>\n<p>En juillet, le cabinet de Lefevre a indiqu\u00e9 que le pr\u00e9l\u00e8vement ne s\u2019appliquerait pas \u00e0 des d\u00e9taillants comme H&amp;M ou Zara, ce qui a conduit certains \u00e0 estimer que la mesure semblait \u00e9pargner les entreprises europ\u00e9ennes et fran\u00e7aises.<\/p>\n<p>Les responsables fran\u00e7ais r\u00e9p\u00e8tent qu\u2019ils consid\u00e8rent Shein, Temu et AliExpress comme les principaux moteurs de l\u2019explosion de la mode ultra-rapide.<\/p>\n<p>La Commission europ\u00e9enne s\u2019\u00e9tait \u00e9galement interrog\u00e9e sur la conformit\u00e9 de cette l\u00e9gislation avec le droit de l\u2019UE, mais le cabinet de Lefevre affirme que ces inqui\u00e9tudes ont \u00e9t\u00e9 \u00ab\u00a0lev\u00e9es\u00a0\u00bb et que la mesure ne devrait pas \u00eatre bloqu\u00e9e.<\/p>\n<p>La Chine a de son c\u00f4t\u00e9 mis en garde en juillet contre de possibles mesures de r\u00e9torsion visant la loi fran\u00e7aise, d\u00e9non\u00e7ant une r\u00e9glementation \u00ab\u00a0discriminatoire\u00a0\u00bb et contraire aux principes du commerce international.<\/p>\n<p>Les importations de petits colis en provenance de Chine vers l\u2019UE ont d\u00e9j\u00e0 chut\u00e9 d\u2019environ 30 \u00e0 40 % depuis l\u2019entr\u00e9e en vigueur, le 1er juillet, d\u2019un autre <a href=\"https:\/\/fr.euronews.com\/2026\/08\/27\/taxe-europeenne-les-petits-colis-chinois-en-chute-libre-de-30-a-40\" rel=\"nofollow noopener\" target=\"_blank\">pr\u00e9l\u00e8vement de 3 \u20ac de l\u2019UE<\/a> sur ces envois, selon le gouvernement fran\u00e7ais.<\/p>\n","protected":false},"excerpt":{"rendered":"Par&amp;nbspAngela Symons&amp;nbspavec&amp;nbspAFP Publi\u00e9 le 01\/09\/2026 &#8211; 17:08 UTC+2 La France durcit le ton contre la mode ultra-rapide avec&hellip;\n","protected":false},"author":2,"featured_media":289306,"comment_status":"","ping_status":"","sticky":false,"template":"","format":"standard","meta":{"footnotes":"","_share_on_mastodon":"0"},"categories":[6],"tags":[45,313,44,43,822,23,19622],"class_list":["post-289305","post","type-post","status-publish","format-standard","has-post-thumbnail","category-economie","tag-business","tag-chine","tag-economie","tag-economy","tag-mode","tag-suisse","tag-temu"],"share_on_mastodon":{"url":"https:\/\/pubeurope.com\/@ch_fr\/117206110344407504","error":""},"_links":{"self":[{"href":"https:\/\/www.europesays.com\/ch-fr\/wp-json\/wp\/v2\/posts\/289305","targetHints":{"allow":["GET"]}}],"collection":[{"href":"https:\/\/www.europesays.com\/ch-fr\/wp-json\/wp\/v2\/posts"}],"about":[{"href":"https:\/\/www.europesays.com\/ch-fr\/wp-json\/wp\/v2\/types\/post"}],"author":[{"embeddable":true,"href":"https:\/\/www.europesays.com\/ch-fr\/wp-json\/wp\/v2\/users\/2"}],"replies":[{"embeddable":true,"href":"https:\/\/www.europesays.com\/ch-fr\/wp-json\/wp\/v2\/comments?post=289305"}],"version-history":[{"count":0,"href":"https:\/\/www.europesays.com\/ch-fr\/wp-json\/wp\/v2\/posts\/289305\/revisions"}],"wp:featuredmedia":[{"embeddable":true,"href":"https:\/\/www.europesays.com\/ch-fr\/wp-json\/wp\/v2\/media\/289306"}],"wp:attachment":[{"href":"https:\/\/www.europesays.com\/ch-fr\/wp-json\/wp\/v2\/media?parent=289305"}],"wp:term":[{"taxonomy":"category","embeddable":true,"href":"https:\/\/www.europesays.com\/ch-fr\/wp-json\/wp\/v2\/categories?post=289305"},{"taxonomy":"post_tag","embeddable":true,"href":"https:\/\/www.europesays.com\/ch-fr\/wp-json\/wp\/v2\/tags?post=289305"}],"curies":[{"name":"wp","href":"https:\/\/api.w.org\/{rel}","templated":true}]}}