{"id":289313,"date":"2026-09-03T08:17:18","date_gmt":"2026-09-03T08:17:18","guid":{"rendered":"https:\/\/www.europesays.com\/ch-fr\/289313\/"},"modified":"2026-09-03T08:17:18","modified_gmt":"2026-09-03T08:17:18","slug":"le-pouvoir-dachat-est-en-berne-une-saison-touristique-contrastee-dans-le-pays-de-lorient","status":"publish","type":"post","link":"https:\/\/www.europesays.com\/ch-fr\/289313\/","title":{"rendered":"\u00ab\u00a0Le pouvoir d\u2019achat est en berne\u00a0\u00bb\u00a0: une saison touristique contrast\u00e9e dans le pays de Lorient"},"content":{"rendered":"<p>\u00ab\u00a0Une saison correcte mais on sent que gens d\u00e9pensent moins\u00a0\u00bb, d\u00e9crit le pr\u00e9sident du Club h\u00f4telier du pays de Lorient, Samuel Oziel, qui a vu la fr\u00e9quentation baisser d\u2019un coup d\u00e8s le 20 ao\u00fbt. C\u2019est sans doute ce qui r\u00e9sume le mieux le bilan touristique du territoire. Avec quelques nuances\u00a0: certains ont tir\u00e9 leur \u00e9pingle du jeu, malgr\u00e9 une m\u00e9t\u00e9o caniculaire. C\u2019est le cas du parc de loisirs aquatique le West Park \u00e0 Inzinzac-Lochrist. \u00ab\u00a0On fait + 20 % en juillet et un mois d\u2019ao\u00fbt qui se maintient\u00a0\u00bb, se r\u00e9jouit Franck Haroche.<\/p>\n<p>Du\u00a0c\u00f4t\u00e9 de l\u2019office de tourisme, le bilan n\u2019est pas encore complet mais les premi\u00e8res tendances vont vers un mois de juillet moyen et un bon mois d\u2019ao\u00fbt. Ce que confirment les professionnels.<\/p>\n<p>On remarque un maintien de nos activit\u00e9s nautiques voire une l\u00e9g\u00e8re hausseUn public nouveau<\/p>\n<p>\u00c0 la Sellor, qui g\u00e8re les activit\u00e9s nautiques de Kerguelen, le Haras national d\u2019Hennebont, le mus\u00e9e du sous-marin Flore, la Cit\u00e9 de la voile et, la nouveaut\u00e9 de cette ann\u00e9e, le spectacle immersif<a href=\"https:\/\/www.letelegramme.fr\/morbihan\/lorient-56100\/cest-tres-encourageant-plus-de-40-000-visiteurs-ont-decouvert-le-spectacle-immersif-voyage-vers-les-indes-a-lorient-7106338.php\" target=\"_blank\" rel=\"nofollow noopener\"> \u00ab\u00a0Voyage vers les Indes\u00a0\u00bb<\/a>, on se montre satisfait de la saison estivale. \u00ab\u00a0Juillet a \u00e9t\u00e9 poussif, avec une baisse de fr\u00e9quentation significative sur l\u2019ensemble de nos activit\u00e9s avec &#8211;\u00a08,5\u00a0%. On remarque un maintien de nos activit\u00e9s nautiques voire une l\u00e9g\u00e8re hausse. Le mois d\u2019ao\u00fbt est sup\u00e9rieur \u00e0 celui de 2025 avec + 10\u00a0%. Il vient donc compenser le mois de juillet\u00a0\u00bb, d\u00e9crypte Jean-Marc Beaumier, directeur de la Sellor.<\/p>\n<p>\u00c0 la Base, la Cit\u00e9 de la voile a re\u00e7u 50\u00a0000 visiteurs en juillet et ao\u00fbt, le mus\u00e9e du sous-marin Flore 37\u00a0000 et le \u00ab\u00a0Voyage vers les Indes\u00a0\u00bb, 45\u00a0000 visiteurs. Jean-Marc Beaumier \u00e9voque un public nouveau mais aussi des visiteurs qui reviennent. Le<a href=\"https:\/\/www.letelegramme.fr\/morbihan\/lorient-56100\/on-vient-pour-lamour-des-chevaux-et-lodeur-de-crottin-le-haras-national-dhennebont-ouvre-ses-portes-jusquau-21-aout-7092650.php\" target=\"_blank\" rel=\"nofollow noopener\"> Haras national d\u2019Hennebont<\/a> b\u00e9n\u00e9ficie d\u2019une forte hausse gr\u00e2ce \u00e0 sa nouvelle salle de spectacle, inaugur\u00e9e en octobre 2025.<\/p>\n<p>\u00ab\u00a0Co\u00fbt de l\u2019essence, canicule et Coupe du monde\u00a0\u00bb<\/p>\n<p>Au Kasino Larmor, la fr\u00e9quentation a \u00e9t\u00e9 en baisse tout l\u2019\u00e9t\u00e9 et surtout au mois de juillet o\u00f9 l\u2019\u00e9tablissement accuse &#8211;\u00a015\u00a0%. \u00ab\u00a0Co\u00fbt de l\u2019essence, canicule et Coupe du monde, c\u2019est la combinaison de plusieurs facteurs. Et il y a le contexte \u00e9conomique\u00a0: le pouvoir d\u2019achat est en berne\u00a0\u00bb, explique Emmanuel Briand, le directeur. Dans le restaurant, la baisse de fr\u00e9quentation se monte \u00e0 &#8211;\u00a025\u00a0%. <\/p>\n<p>Les gens ont commenc\u00e9 \u00e0 comprendre que chez nous, [aux Terres de Nata\u00e9], il faisait frais gr\u00e2ce aux arbres<\/p>\n<p>Le<a href=\"https:\/\/www.letelegramme.fr\/morbihan\/inzinzac-lochrist-56650\/sur-le-tout-nouveau-mat-perche-du-west-park-dinzinzac-lochrist-jai-renoue-avec-mon-ame-denfant-7018113.php\" target=\"_blank\" rel=\"nofollow noopener\"> M\u00e2t Perch\u00e9<\/a>, le parc \u00e0 filets suspendus d\u2019Inzinzac, a v\u00e9cu sa premi\u00e8re saison et les chaleurs n\u2019ont pas aid\u00e9. \u00ab\u00a0On a bien travaill\u00e9 au mois d\u2019ao\u00fbt mais juillet, c\u2019\u00e9tait tr\u00e8s compliqu\u00e9\u00a0\u00bb, explique Benjamin Mah\u00e9, le responsable. Aux Terres de Nata\u00e9 \u00e0 Pont-Scorff, une des locomotives touristiques du pays de Lorient, le bilan se veut positif. \u00ab\u00a0La\u00a0saison a \u00e9t\u00e9 difficile en raison des canicules. Mais dans ce contexte, nous sommes encore en croissance avec un mois de juillet plus en retrait et un mois d\u2019ao\u00fbt en progression. Je crois que les gens ont commenc\u00e9 \u00e0 comprendre que chez nous, il faisait frais gr\u00e2ce aux arbres\u00a0\u00bb, sourit <a href=\"https:\/\/www.letelegramme.fr\/morbihan\/pont-scorff-56620\/on-est-hyperfier-de-ce-quon-a-fait-les-terres-de-natae-classees-premier-parc-animalier-de-bretagne-6982197.php\" target=\"_blank\" rel=\"nofollow noopener\">S\u00e9bastien Musset<\/a>, directeur du parc animalier, qui esp\u00e8re un mois de septembre qui jouerait les prolongations.<\/p>\n","protected":false},"excerpt":{"rendered":"\u00ab\u00a0Une saison correcte mais on sent que gens d\u00e9pensent moins\u00a0\u00bb, d\u00e9crit le pr\u00e9sident du Club h\u00f4telier du pays&hellip;\n","protected":false},"author":2,"featured_media":289314,"comment_status":"","ping_status":"","sticky":false,"template":"","format":"standard","meta":{"footnotes":"","_share_on_mastodon":"0"},"categories":[20],"tags":[193,192,44,45551,6092,34232,1648,1647,1646,23,427],"class_list":["post-289313","post","type-post","status-publish","format-standard","has-post-thumbnail","category-berne","tag-bern","tag-berne","tag-economie","tag-guidel","tag-hennebont","tag-larmor-plage","tag-lorient","tag-morbihan","tag-ploemeur","tag-suisse","tag-tourisme"],"share_on_mastodon":{"url":"https:\/\/pubeurope.com\/@ch_fr\/117206125289472752","error":""},"_links":{"self":[{"href":"https:\/\/www.europesays.com\/ch-fr\/wp-json\/wp\/v2\/posts\/289313","targetHints":{"allow":["GET"]}}],"collection":[{"href":"https:\/\/www.europesays.com\/ch-fr\/wp-json\/wp\/v2\/posts"}],"about":[{"href":"https:\/\/www.europesays.com\/ch-fr\/wp-json\/wp\/v2\/types\/post"}],"author":[{"embeddable":true,"href":"https:\/\/www.europesays.com\/ch-fr\/wp-json\/wp\/v2\/users\/2"}],"replies":[{"embeddable":true,"href":"https:\/\/www.europesays.com\/ch-fr\/wp-json\/wp\/v2\/comments?post=289313"}],"version-history":[{"count":0,"href":"https:\/\/www.europesays.com\/ch-fr\/wp-json\/wp\/v2\/posts\/289313\/revisions"}],"wp:featuredmedia":[{"embeddable":true,"href":"https:\/\/www.europesays.com\/ch-fr\/wp-json\/wp\/v2\/media\/289314"}],"wp:attachment":[{"href":"https:\/\/www.europesays.com\/ch-fr\/wp-json\/wp\/v2\/media?parent=289313"}],"wp:term":[{"taxonomy":"category","embeddable":true,"href":"https:\/\/www.europesays.com\/ch-fr\/wp-json\/wp\/v2\/categories?post=289313"},{"taxonomy":"post_tag","embeddable":true,"href":"https:\/\/www.europesays.com\/ch-fr\/wp-json\/wp\/v2\/tags?post=289313"}],"curies":[{"name":"wp","href":"https:\/\/api.w.org\/{rel}","templated":true}]}}