{"id":289315,"date":"2026-09-03T08:20:13","date_gmt":"2026-09-03T08:20:13","guid":{"rendered":"https:\/\/www.europesays.com\/ch-fr\/289315\/"},"modified":"2026-09-03T08:20:13","modified_gmt":"2026-09-03T08:20:13","slug":"prison-le-jura-ne-veut-pas-de-champ-dollon-bis-sur-son-sol","status":"publish","type":"post","link":"https:\/\/www.europesays.com\/ch-fr\/289315\/","title":{"rendered":"Prison: Le Jura ne veut pas de Champ-Dollon bis sur son sol"},"content":{"rendered":"<p>Le projet de cr\u00e9er une prison intercantonale entre le Jura et Gen\u00e8ve a \u00e9t\u00e9 rejet\u00e9 mercredi par le Parlement jurassien. Co\u00fbts \u00e9lev\u00e9s et obstacles logistiques ont pes\u00e9 dans cette d\u00e9cision.<\/p>\n<p>Publi\u00e9: 02.09.2026 \u00e0 19:19 heures<\/p>\n<p>|<\/p>\n<p>Derni\u00e8re mise \u00e0 jour: 08:38 heures<\/p>\n<p><a target=\"_self\" class=\"Blink__StyledNextLink-sc-daa3c157-1 ClickableContainer__StyledBlink-sc-c392684d-0 ihtzjk\" rel=\"follow nofollow noopener\" href=\"https:\/\/www.blick.ch\/fr\/auteurs\/ats-agence-telegraphique-suisse-id19739987.html\"><img alt=\"sda-logo.jpeg\" loading=\"lazy\"\/><\/p>\n<p>ATS Agence t\u00e9l\u00e9graphique suisse<\/p>\n<p><\/a><\/p>\n<p>Le Parlement jurassien a refus\u00e9 mercredi un postulat d&rsquo;Ir\u00e8ne Donz\u00e9 (PLR) demandant au Gouvernement de prendre contact avec le Conseil d&rsquo;Etat genevois pour entrevoir la cr\u00e9ation d&rsquo;une prison intercantonale. Les deux cantons rencontrent des difficult\u00e9s, le Jura \u00e9tant en manque d&rsquo;infrastructures alors que Gen\u00e8ve doit constituer avec une surpopulation, notamment \u00e0 Champ-Dollon.<\/p>\n<p>Le postulat demandait aussi, en cas d&rsquo;\u00e9chec des discussions avec Gen\u00e8ve, de r\u00e9fl\u00e9chir \u00e0 la possibilit\u00e9 d&rsquo;une telle coop\u00e9ration avec un autre canton. Les Vert-e-s soutenant uniquement la seconde partie, la motion a \u00e9t\u00e9 scind\u00e9e en deux. Mais les deux propositions ont \u00e9t\u00e9 rejet\u00e9es, respectivement avec 47 non, 9 oui et 3 abstentions pour la premi\u00e8re et avec 34 non, 24 oui et 1 abstention pour la seconde.<\/p>\n<p>Au bout du lac, une r\u00e9novation semble compliqu\u00e9e et co\u00fbteuse. Dans le Jura, la <a target=\"_self\" class=\"Blink__StyledNextLink-sc-daa3c157-1 HTMLView__StyledBlink-sc-d754821-0 iCecFK\" data-uuid-ui=\"20491421\" href=\"https:\/\/www.blick.ch\/fr\/suisse\/romande\/un-rapport-critique-le-comite-europeen-anti-torture-sinquiete-des-pratiques-policieres-et-de-la-surpopulation-carcerale-en-suisse-id20491421.html\" rel=\"nofollow noopener\">fermeture de la prison de Porrentruy<\/a> est d\u00e9j\u00e0 act\u00e9e car l&rsquo;\u00e9tablissement, situ\u00e9 dans le ch\u00e2teau, n&rsquo;est plus aux normes. Des dizaines de personnes, plac\u00e9es sous l&rsquo;autorit\u00e9 du Jura, sont incarc\u00e9r\u00e9es hors canton, selon le texte de la motion. Alors qu&rsquo;\u00e0 Gen\u00e8ve de nouvelles infrastructures sont n\u00e9cessaires mais peinent \u00e0 se concr\u00e9tiser, le Jura dispose de r\u00e9serves fonci\u00e8res importantes, mais manque de moyens.<\/p>\n<p>\u00abChamp-Dollon bis\u00bb<\/p>\n<p>Le ministre de la justice et police Valentin Zuber a toutefois jug\u00e9 \u00abimpossible\u00bb la construction d&rsquo;une \u00abChamp-Dollon bis\u00bb sur le territoire jurassien, faisant r\u00e9f\u00e9rence au vaste \u00e9tablissement p\u00e9nitentiaire genevois. M. Zuber a parl\u00e9 d&rsquo;une institution de 500 \u00e0 600 places, alors que le canton du Jura disposera prochainement de 55 places gr\u00e2ce \u00e0 la prison de Moutier.<\/p>\n<p>Avec un projet d&rsquo;une telle ampleur, il faudrait ma\u00eetriser le risque financier pour le Jura et garantir le personnel suffisant. En outre, la coordination intercantonale existe d\u00e9j\u00e0, a-t-il ajout\u00e9, ne voyant pas \u00abpourquoi il faudrait concentrer nos d\u00e9marches sur un seul canton\u00bb. Le Gouvernement a donc invit\u00e9 \u00e0 refuser le postulat.<\/p>\n<p>Pour Patrick Chapuis (PCSI), le Jura n&rsquo;a pas \u00e0 r\u00e9pondre aux difficult\u00e9s fonci\u00e8res de cantons urbains comme Gen\u00e8ve. Il a \u00e9galement relev\u00e9 les co\u00fbts importants en mati\u00e8re d&rsquo;infrastructures, de s\u00e9curit\u00e9 ou encore de transports, ainsi que la distance entre les deux cantons, qui pourrait compliquer les visites des familles ou les d\u00e9placements des avocats.<\/p>\n<p>Comme plusieurs d\u00e9put\u00e9s, Sandra Hauser (Centre) a rappel\u00e9 que les r\u00e9flexions intercantonales devaient se faire au sein du Concordat latin sur la d\u00e9tention p\u00e9nale des adultes. Son parti a laiss\u00e9 la libert\u00e9 de vote. \u00abUn projet d&rsquo;une telle ampleur ne peut pas se pr\u00e9voir en-dehors d&rsquo;une planification romande et tessinoise\u00bb, a rench\u00e9ri Nicolas Girard (PS).<\/p>\n<p>Eric Gerber (PLR) a rappel\u00e9 que l&rsquo;\u00e9tude demand\u00e9e par le postulat avait pour but de d\u00e9finir le type de prison et les besoins. En vain.<\/p>\n","protected":false},"excerpt":{"rendered":"Le projet de cr\u00e9er une prison intercantonale entre le Jura et Gen\u00e8ve a \u00e9t\u00e9 rejet\u00e9 mercredi par le&hellip;\n","protected":false},"author":2,"featured_media":289316,"comment_status":"","ping_status":"","sticky":false,"template":"","format":"standard","meta":{"footnotes":"","_share_on_mastodon":"0"},"categories":[17],"tags":[170,169,23],"class_list":["post-289315","post","type-post","status-publish","format-standard","has-post-thumbnail","category-geneve","tag-geneva","tag-geneve","tag-suisse"],"share_on_mastodon":{"url":"https:\/\/pubeurope.com\/@ch_fr\/117206137333347765","error":""},"_links":{"self":[{"href":"https:\/\/www.europesays.com\/ch-fr\/wp-json\/wp\/v2\/posts\/289315","targetHints":{"allow":["GET"]}}],"collection":[{"href":"https:\/\/www.europesays.com\/ch-fr\/wp-json\/wp\/v2\/posts"}],"about":[{"href":"https:\/\/www.europesays.com\/ch-fr\/wp-json\/wp\/v2\/types\/post"}],"author":[{"embeddable":true,"href":"https:\/\/www.europesays.com\/ch-fr\/wp-json\/wp\/v2\/users\/2"}],"replies":[{"embeddable":true,"href":"https:\/\/www.europesays.com\/ch-fr\/wp-json\/wp\/v2\/comments?post=289315"}],"version-history":[{"count":0,"href":"https:\/\/www.europesays.com\/ch-fr\/wp-json\/wp\/v2\/posts\/289315\/revisions"}],"wp:featuredmedia":[{"embeddable":true,"href":"https:\/\/www.europesays.com\/ch-fr\/wp-json\/wp\/v2\/media\/289316"}],"wp:attachment":[{"href":"https:\/\/www.europesays.com\/ch-fr\/wp-json\/wp\/v2\/media?parent=289315"}],"wp:term":[{"taxonomy":"category","embeddable":true,"href":"https:\/\/www.europesays.com\/ch-fr\/wp-json\/wp\/v2\/categories?post=289315"},{"taxonomy":"post_tag","embeddable":true,"href":"https:\/\/www.europesays.com\/ch-fr\/wp-json\/wp\/v2\/tags?post=289315"}],"curies":[{"name":"wp","href":"https:\/\/api.w.org\/{rel}","templated":true}]}}