{"id":289317,"date":"2026-09-03T08:22:12","date_gmt":"2026-09-03T08:22:12","guid":{"rendered":"https:\/\/www.europesays.com\/ch-fr\/289317\/"},"modified":"2026-09-03T08:22:12","modified_gmt":"2026-09-03T08:22:12","slug":"la-designer-quebecoise-mercedes-morin-pousse-un-cri-du-coeur-envers-les-influenceurs","status":"publish","type":"post","link":"https:\/\/www.europesays.com\/ch-fr\/289317\/","title":{"rendered":"La designer qu\u00e9b\u00e9coise Mercedes Morin pousse un cri du c\u0153ur envers les influenceurs"},"content":{"rendered":"<p class=\"1_12_tx_courant\">Apr\u00e8s avoir envoy\u00e9 des v\u00eatements \u00e0 cinq cr\u00e9ateurs de contenu sans jamais voir la couleur de la visibilit\u00e9 promise, la designer qu\u00e9b\u00e9coise Mercedes Morin d\u00e9nonce une pratique qu\u2019elle juge particuli\u00e8rement n\u00e9faste pour les petites entreprises.<\/p>\n<p class=\"1_12_tx_courant\">Fond\u00e9e \u00e0 Montr\u00e9al, la marque de Mercedes Morin mise sur la conception locale et le savoir-faire qu\u00e9b\u00e9cois. Chaque pi\u00e8ce est pens\u00e9e, dessin\u00e9e et produite ici, loin de la production de masse. Une approche qui mise sur la qualit\u00e9 et l\u2019authenticit\u00e9, mais qui rend d\u2019autant plus frustrantes les collaborations qui ne livrent pas la marchandise promise.<\/p>\n<p class=\"toreadalso-fromEMP\">\u2022 \u00c0 lire aussi\u00a0: <a href=\"https:\/\/www.clindoeil.ca\/Je-suis-redactrice-mode-voici-7-marques-locales-que-je-porterai-cet-ete\" target=\"badbe692-083b-4fd9-bfad-760ee5a47c6e\" rel=\"nofollow noopener\">Je suis r\u00e9dactrice mode et voici les 7 marques locales que je porte en rotation cet \u00e9t\u00e9<\/a><\/p>\n<p class=\"toreadalso-fromEMP\">\u2022 \u00c0 lire aussi\u00a0: <a href=\"https:\/\/www.clindoeil.ca\/ete-2026-mode-beaute-nouveautes-tendances\" target=\"c7ef2b7f-2873-48bf-9833-1fb6212a89f6\" rel=\"nofollow noopener\">Les nouveaut\u00e9s mode et beaut\u00e9 qu\u2019on s\u2019arrache cet \u00e9t\u00e9<\/a><\/p>\n<p class=\"1_12_tx_courant\">Et collaborer avec des influenceurs, \u00e7a peut donner une belle vitrine aux petites marques. Encore faut-il que \u00e7a rapporte vraiment. C\u2019est le message que Mercedes Morin a voulu passer dans une publication sur les r\u00e9seaux sociaux, o\u00f9 elle raconte sa derni\u00e8re m\u00e9saventure.<\/p>\n<p class=\"1_12_tx_courant\">\u00ab\u00a0Pour une 17367647674e fois, je me suis encore fait avoir\u00a0\u00bb, lance-t-elle d\u2019embl\u00e9e, pr\u00e9cisant que ce n\u2019est malheureusement pas la premi\u00e8re fois que des cr\u00e9ateurs de contenu la d\u00e9\u00e7oivent.<\/p>\n<p>  Cinq produits envoy\u00e9s, z\u00e9ro retour<\/p>\n<p class=\"1_12_tx_courant\">Cette fois, la designer dit avoir offert cinq produits \u00e0 cinq influenceur.euses, par l\u2019entremise d\u2019un interm\u00e9diaire. En retour, elle s\u2019attendait \u00e0 un minimum de visibilit\u00e9 pour sa marque.<\/p>\n<p class=\"1_12_tx_courant\">R\u00e9sultat\u00a0? \u00ab\u00a0Silence radio. Rien. Pantoute\u00a0\u00bb, dit-elle.<\/p>\n<p class=\"1_12_tx_courant\">Mercedes Morin admet se laisser parfois tenter par ce genre d\u2019entente, sachant qu\u2019\u00eatre expos\u00e9e \u00e0 une nouvelle audience peut faire une vraie diff\u00e9rence pour une petite marque qui n\u2019a pas les budgets des grandes compagnies.\u00a0<\/p>\n<p>  Un probl\u00e8me qui frappe surtout les petits joueurs<\/p>\n<p class=\"1_12_tx_courant\">\u00ab\u00a0Honn\u00eatement, ce n\u2019est pas correct\u00a0\u00bb, tranche-t-elle, ajoutant que ce genre de situation revient bien trop souvent \u00e0 son go\u00fbt.<\/p>\n<p class=\"1_12_tx_courant\">Son t\u00e9moignage met le doigt sur une vraie zone grise du marketing d\u2019influence\u00a0: c\u2019est quoi, la limite entre un cadeau envoy\u00e9 sans attente et une collaboration en bonne et due forme\u00a0?<\/p>\n<p class=\"1_12_tx_courant\">Pour une petite entreprise, envoyer des produits gratuitement, ce n\u2019est pas rien. Il y a des co\u00fbts de production, du mat\u00e9riel, du temps, du travail derri\u00e8re chaque morceau exp\u00e9di\u00e9.<\/p>\n<p class=\"1_12_tx_courant\">En partageant son histoire, Mercedes Morin esp\u00e8re visiblement lancer la conversation sur les fa\u00e7ons de faire entre marques et cr\u00e9ateurs de contenu, en 2026.<\/p>\n<p class=\"1_12_tx_courant\">Lisez son message en entier ici\u00a0:<\/p>\n<p>  \u00c0 VOIR\u00a0:<\/p>\n","protected":false},"excerpt":{"rendered":"Apr\u00e8s avoir envoy\u00e9 des v\u00eatements \u00e0 cinq cr\u00e9ateurs de contenu sans jamais voir la couleur de la visibilit\u00e9&hellip;\n","protected":false},"author":2,"featured_media":289318,"comment_status":"","ping_status":"","sticky":false,"template":"","format":"standard","meta":{"footnotes":"","_share_on_mastodon":"0"},"categories":[15],"tags":[158,157,113,112,159,23],"class_list":["post-289317","post","type-post","status-publish","format-standard","has-post-thumbnail","category-people","tag-celebrities","tag-celebrity","tag-divertissement","tag-entertainment","tag-people","tag-suisse"],"share_on_mastodon":{"url":"https:\/\/pubeurope.com\/@ch_fr\/117206145136379794","error":""},"_links":{"self":[{"href":"https:\/\/www.europesays.com\/ch-fr\/wp-json\/wp\/v2\/posts\/289317","targetHints":{"allow":["GET"]}}],"collection":[{"href":"https:\/\/www.europesays.com\/ch-fr\/wp-json\/wp\/v2\/posts"}],"about":[{"href":"https:\/\/www.europesays.com\/ch-fr\/wp-json\/wp\/v2\/types\/post"}],"author":[{"embeddable":true,"href":"https:\/\/www.europesays.com\/ch-fr\/wp-json\/wp\/v2\/users\/2"}],"replies":[{"embeddable":true,"href":"https:\/\/www.europesays.com\/ch-fr\/wp-json\/wp\/v2\/comments?post=289317"}],"version-history":[{"count":0,"href":"https:\/\/www.europesays.com\/ch-fr\/wp-json\/wp\/v2\/posts\/289317\/revisions"}],"wp:featuredmedia":[{"embeddable":true,"href":"https:\/\/www.europesays.com\/ch-fr\/wp-json\/wp\/v2\/media\/289318"}],"wp:attachment":[{"href":"https:\/\/www.europesays.com\/ch-fr\/wp-json\/wp\/v2\/media?parent=289317"}],"wp:term":[{"taxonomy":"category","embeddable":true,"href":"https:\/\/www.europesays.com\/ch-fr\/wp-json\/wp\/v2\/categories?post=289317"},{"taxonomy":"post_tag","embeddable":true,"href":"https:\/\/www.europesays.com\/ch-fr\/wp-json\/wp\/v2\/tags?post=289317"}],"curies":[{"name":"wp","href":"https:\/\/api.w.org\/{rel}","templated":true}]}}