{"id":289323,"date":"2026-09-03T08:28:10","date_gmt":"2026-09-03T08:28:10","guid":{"rendered":"https:\/\/www.europesays.com\/ch-fr\/289323\/"},"modified":"2026-09-03T08:28:10","modified_gmt":"2026-09-03T08:28:10","slug":"pregorexie-la-peur-des-kilos-de-grossesse","status":"publish","type":"post","link":"https:\/\/www.europesays.com\/ch-fr\/289323\/","title":{"rendered":"Pr\u00e9gorexie, la peur des kilos de grossesse"},"content":{"rendered":"<p>Certaines femmes s&rsquo;imposent des r\u00e9gimes stricts ou du sport intensif durant leur grossesse pour limiter leur prise de poids. Avec des risques s\u00e9rieux pour leur sant\u00e9 et celle de leur enfant. Carlo Delli Noci, m\u00e9decin associ\u00e9 au Service de psychiatrie de liaison du CHUV, explique ce trouble de plus en plus fr\u00e9quent dans l\u2019\u00e9mission On en parle.<\/p>\n<p>Le terme pr\u00e9gorexie, contraction de \u2018pregnant\u2019 et \u2018anorexie\u2019, d\u00e9signe une pr\u00e9occupation excessive autour du poids pendant la grossesse. Si prendre des kilos fait partie d&rsquo;une grossesse normale, certaines femmes vivent les changements de leur corps avec beaucoup d&rsquo;anxi\u00e9t\u00e9: un ventre qui s\u2019arrondit, une silhouette qui se modifie ou des chiffres qui augmentent sur la balance sont parfois tr\u00e8s difficiles \u00e0 accepter. Au point de mettre sa sant\u00e9 et celle de son enfant en danger.<\/p>\n<p>Adopter une alimentation stricte, compter les calories, r\u00e9duire les quantit\u00e9s, sauter des repas ou encore faire beaucoup de sport pour essayer de limiter au maximum cette prise de poids sont autant de comportements typiques d\u2019une pr\u00e9gorexie.<\/p>\n<p>Peu de chiffres<\/p>\n<p>\u00ab\u00a0La pr\u00e9gorexie est une maladie reconnue du point de vue clinique, mais pas reconnue en tant que diagnostic dans le syst\u00e8me de classification\u00a0\u00bb, explique Carlo Delli Noci, M\u00e9decin associ\u00e9 au Service de psychiatrie de liaison du d\u00e9partement de psychiatrie du CHUV, dans l\u2019\u00e9mission On en parle du 2 septembre 2026. \u00ab\u00a0Les cas sont s\u00fbrement en augmentation, mais nous n&rsquo;avons pas encore de chiffres pr\u00e9cis autour de la pr\u00e9valence: entre 0,6% et 25% des femmes seraient touch\u00e9es.\u00a0L\u2019\u00e9cart est tr\u00e8s large.\u00a0\u00bb<\/p>\n<p>Parmi les femmes concern\u00e9es que rencontre le m\u00e9decin, certaines ont d\u00e9j\u00e0 souffert de troubles du comportement alimentaire, mais pas toutes. \u00ab\u00a0C\u2019est un ph\u00e9nom\u00e8ne d\u2019angoisse. On est tout de suite dans une dynamique de contr\u00f4le\u00a0\u00bb, pr\u00e9cise Carlo Delli Noci.<\/p>\n<p class=\"q-text\">Nous vivons aujourd&rsquo;hui une pression scopique, c\u2019est-\u00e0-dire li\u00e9e \u00e0 l&rsquo;image et au regard de l&rsquo;autre incomparable avec le pass\u00e9. Les femmes y sont \u00e9norm\u00e9ment expos\u00e9es. Mais il ne faut pas oublier que la grossesse implique des changements corporels \u00e9normes et des remaniements psychiques. Ce m\u00e9lange peut \u00eatre explosif.<\/p>\n<p>  Carlo Delli Noci, m\u00e9decin au CHUV Des risques importants pour la sant\u00e9<\/p>\n<p>Selon le sp\u00e9cialiste, les risques de la pr\u00e9gorexie concernent \u00e0 la fois la m\u00e8re et son enfant. \u00ab\u00a0La sant\u00e9 physique et mentale de la m\u00e8re est concern\u00e9e, par exemple avec des carences osseuses, des carences vitaminiques et une d\u00e9pression post-partum. Il y a aussi un risque de d\u00e9velopper des pathologies psychiatriques comme les troubles du comportement alimentaire. Et chez l\u2019enfant, le risque d\u2019un retard de croissance intra-ut\u00e9rine et d\u2019une naissance pr\u00e9matur\u00e9e.\u00a0\u00bb<\/p>\n<p>Si l\u2019on se sent concern\u00e9e, le docteur conseille de s\u2019adresser \u00e0 un sp\u00e9cialiste\u00a0comme un psychiatre, son gyn\u00e9cologue, son g\u00e9n\u00e9raliste ou la sage-femme conseill\u00e8re. Il recommande aussi d\u2019en parler \u00e0 son entourage. \u00ab\u00a0Les proches doivent faire preuve de tact et la d\u00e9culpabiliser. La grossesse n\u2019est pas que du bonheur, c&rsquo;est quelque chose qui change \u00e9norm\u00e9ment le corps.\u00a0\u00bb<\/p>\n<p class=\"sources\">Sujet radio: Marie Tschumi<\/p>\n<p class=\"credit\">Adaptation web: Myriam Semaani<\/p>\n","protected":false},"excerpt":{"rendered":"Certaines femmes s&rsquo;imposent des r\u00e9gimes stricts ou du sport intensif durant leur grossesse pour limiter leur prise de&hellip;\n","protected":false},"author":2,"featured_media":289324,"comment_status":"","ping_status":"","sticky":false,"template":"","format":"standard","meta":{"footnotes":"","_share_on_mastodon":"0"},"categories":[9],"tags":[2536,8193,164,305,161,83,2823,1284,1643,84,6287,238,2539,186,23],"class_list":["post-289323","post","type-post","status-publish","format-standard","has-post-thumbnail","category-sante","tag-centre-hospitalier-universitaire-vaudois","tag-controle-des-naissances","tag-enfant","tag-famille","tag-grossesse","tag-health","tag-medecin","tag-mere","tag-risque","tag-sante","tag-service","tag-societe","tag-soins-de-sante","tag-sport","tag-suisse"],"share_on_mastodon":{"url":"https:\/\/pubeurope.com\/@ch_fr\/117206168827125863","error":""},"_links":{"self":[{"href":"https:\/\/www.europesays.com\/ch-fr\/wp-json\/wp\/v2\/posts\/289323","targetHints":{"allow":["GET"]}}],"collection":[{"href":"https:\/\/www.europesays.com\/ch-fr\/wp-json\/wp\/v2\/posts"}],"about":[{"href":"https:\/\/www.europesays.com\/ch-fr\/wp-json\/wp\/v2\/types\/post"}],"author":[{"embeddable":true,"href":"https:\/\/www.europesays.com\/ch-fr\/wp-json\/wp\/v2\/users\/2"}],"replies":[{"embeddable":true,"href":"https:\/\/www.europesays.com\/ch-fr\/wp-json\/wp\/v2\/comments?post=289323"}],"version-history":[{"count":0,"href":"https:\/\/www.europesays.com\/ch-fr\/wp-json\/wp\/v2\/posts\/289323\/revisions"}],"wp:featuredmedia":[{"embeddable":true,"href":"https:\/\/www.europesays.com\/ch-fr\/wp-json\/wp\/v2\/media\/289324"}],"wp:attachment":[{"href":"https:\/\/www.europesays.com\/ch-fr\/wp-json\/wp\/v2\/media?parent=289323"}],"wp:term":[{"taxonomy":"category","embeddable":true,"href":"https:\/\/www.europesays.com\/ch-fr\/wp-json\/wp\/v2\/categories?post=289323"},{"taxonomy":"post_tag","embeddable":true,"href":"https:\/\/www.europesays.com\/ch-fr\/wp-json\/wp\/v2\/tags?post=289323"}],"curies":[{"name":"wp","href":"https:\/\/api.w.org\/{rel}","templated":true}]}}