{"id":289347,"date":"2026-09-03T08:50:14","date_gmt":"2026-09-03T08:50:14","guid":{"rendered":"https:\/\/www.europesays.com\/ch-fr\/289347\/"},"modified":"2026-09-03T08:50:14","modified_gmt":"2026-09-03T08:50:14","slug":"ifa-2026-decouvrez-toutes-les-nouveautes-et-les-annonces-du-grand-salon-de-la-tech-berlinois","status":"publish","type":"post","link":"https:\/\/www.europesays.com\/ch-fr\/289347\/","title":{"rendered":"IFA 2026: d\u00e9couvrez toutes les nouveaut\u00e9s et les annonces du grand salon de la tech berlinois"},"content":{"rendered":"<p>Aujourd&rsquo;hui \u00e0 10h15<\/p>\n<p>Sommeil difficile, ronflements, baisse d\u2019audition: comment Anker s\u2019attaque \u00e0 la sant\u00e9 par le son et vos oreilles<\/p>\n<p>\u00c0 l\u2019occasion de l\u2019IFA 2026, Anker a pr\u00e9sent\u00e9 de nombreuses innovations audio, des \u00e9couteurs et des casques. Mais l\u2019entreprise s\u2019est particuli\u00e8rement concentr\u00e9e sur la sant\u00e9 des utilisateurs et de leurs proches avec des nouveaut\u00e9s qui vont faciliter la vie des malentendants, des ronfleurs et de leurs proches.<\/p>\n<p>Pour aller plus loin: <a href=\"https:\/\/www.bfmtv.com\/tech\/son\/sommeil-difficile-ronflements-baisse-d-audition-comment-anker-s-attaque-a-la-sante-par-le-son-et-vos-oreilles_AN-202609030341.html\" title=\"Sommeil difficile, ronflements, baisse d\u2019audition: comment Anker s\u2019attaque \u00e0 la sant\u00e9 par le son et vos oreilles\" class=\"internal_link\" rel=\"nofollow noopener\" target=\"_blank\">lire l&rsquo;article complet ici<\/a><\/p>\n<p>Aujourd&rsquo;hui \u00e0 10h13<\/p>\n<p>Bienvenue sur ce direct de l\u2019IFA !<\/p>\n<p>Bienvenue sur ce direct de l\u2019IFA, le plus grand salon europ\u00e9en d\u00e9di\u00e9 \u00e0 l&rsquo;\u00e9lectronique grand public. Maison, sant\u00e9, mobilit\u00e9\u2026. BFM Tech est sur place pour vous montrer toutes les innovations.<\/p>\n<p><img decoding=\"async\" loading=\"lazy\" width=\"2048\" height=\"1536\" src=\"https:\/\/www.europesays.com\/ch-fr\/wp-content\/uploads\/2026\/09\/IFA-2026-photo-BFM-Tech-2341652.jpg\"  alt=\"IFA 2026 (photo BFM Tech)\" title=\"IFA 2026 (photo BFM Tech)\"\/>IFA 2026 (photo BFM Tech) \u00a9 BFM Tech<\/p>\n","protected":false},"excerpt":{"rendered":"Aujourd&rsquo;hui \u00e0 10h15 Sommeil difficile, ronflements, baisse d\u2019audition: comment Anker s\u2019attaque \u00e0 la sant\u00e9 par le son et&hellip;\n","protected":false},"author":2,"featured_media":289348,"comment_status":"","ping_status":"","sticky":false,"template":"","format":"standard","meta":{"footnotes":"","_share_on_mastodon":"0"},"categories":[7],"tags":[61,57,59,58,23,60,62],"class_list":["post-289347","post","type-post","status-publish","format-standard","has-post-thumbnail","category-sciences-et-technologies","tag-science","tag-science-and-technology","tag-sciences","tag-sciences-et-technologies","tag-suisse","tag-technologies","tag-technology"],"share_on_mastodon":{"url":"https:\/\/pubeurope.com\/@ch_fr\/117206255716241350","error":""},"_links":{"self":[{"href":"https:\/\/www.europesays.com\/ch-fr\/wp-json\/wp\/v2\/posts\/289347","targetHints":{"allow":["GET"]}}],"collection":[{"href":"https:\/\/www.europesays.com\/ch-fr\/wp-json\/wp\/v2\/posts"}],"about":[{"href":"https:\/\/www.europesays.com\/ch-fr\/wp-json\/wp\/v2\/types\/post"}],"author":[{"embeddable":true,"href":"https:\/\/www.europesays.com\/ch-fr\/wp-json\/wp\/v2\/users\/2"}],"replies":[{"embeddable":true,"href":"https:\/\/www.europesays.com\/ch-fr\/wp-json\/wp\/v2\/comments?post=289347"}],"version-history":[{"count":0,"href":"https:\/\/www.europesays.com\/ch-fr\/wp-json\/wp\/v2\/posts\/289347\/revisions"}],"wp:featuredmedia":[{"embeddable":true,"href":"https:\/\/www.europesays.com\/ch-fr\/wp-json\/wp\/v2\/media\/289348"}],"wp:attachment":[{"href":"https:\/\/www.europesays.com\/ch-fr\/wp-json\/wp\/v2\/media?parent=289347"}],"wp:term":[{"taxonomy":"category","embeddable":true,"href":"https:\/\/www.europesays.com\/ch-fr\/wp-json\/wp\/v2\/categories?post=289347"},{"taxonomy":"post_tag","embeddable":true,"href":"https:\/\/www.europesays.com\/ch-fr\/wp-json\/wp\/v2\/tags?post=289347"}],"curies":[{"name":"wp","href":"https:\/\/api.w.org\/{rel}","templated":true}]}}