{"id":289359,"date":"2026-09-03T08:59:11","date_gmt":"2026-09-03T08:59:11","guid":{"rendered":"https:\/\/www.europesays.com\/ch-fr\/289359\/"},"modified":"2026-09-03T08:59:11","modified_gmt":"2026-09-03T08:59:11","slug":"a-geneve-le-syndicat-unia-depose-une-requete-en-faillite-contre-ronin-primeurs-societe-qui-ploie-sous-les-dettes","status":"publish","type":"post","link":"https:\/\/www.europesays.com\/ch-fr\/289359\/","title":{"rendered":"A Gen\u00e8ve, le syndicat Unia d\u00e9pose une requ\u00eate en faillite contre Ronin Primeurs, soci\u00e9t\u00e9 qui ploie sous les dettes"},"content":{"rendered":"<p>Mise en demeure par le syndicat Unia d\u2019honorer ses obligations envers ses employ\u00e9s au 11\u00a0ao\u00fbt, la soci\u00e9t\u00e9 genevoise Ronin Primeurs n\u2019a manifestement pas donn\u00e9 satisfaction. La firme qui ach\u00e8te, transforme et vend fruits et l\u00e9gumes fait, depuis le 1er\u00a0septembre, l\u2019objet d\u2019une requ\u00eate de mise en faillite de la part du syndicat. Une d\u00e9marche rare qui vise \u00ab\u00e0 prot\u00e9ger les droits et les cr\u00e9ances des salari\u00e9s\u00bb alors que la \u00absituation ne permet plus d\u2019attendre\u00bb car l\u2019entreprise \u00abn\u2019est plus en mesure de verser r\u00e9guli\u00e8rement les salaires dus \u00e0 son personnel\u00bb, explique Unia dans un communiqu\u00e9 diffus\u00e9 jeudi.<\/p>\n<p>Lire aussi: <a href=\"https:\/\/www.letemps.ch\/articles\/a-geneve-le-declin-d-un-petit-empire-des-fruits-et-legumes-qui-croule-sous-des-millions-de-francs-de-dettes\" rel=\"nofollow noopener\" target=\"_blank\">A Gen\u00e8ve, le d\u00e9clin d\u2019un petit empire des fruits et l\u00e9gumes qui croule sous des millions de francs de dettes<\/a>  <\/p>\n","protected":false},"excerpt":{"rendered":"Mise en demeure par le syndicat Unia d\u2019honorer ses obligations envers ses employ\u00e9s au 11\u00a0ao\u00fbt, la soci\u00e9t\u00e9 genevoise&hellip;\n","protected":false},"author":2,"featured_media":289360,"comment_status":"","ping_status":"","sticky":false,"template":"","format":"standard","meta":{"footnotes":"","_share_on_mastodon":"0"},"categories":[17],"tags":[242,170,169,39,174,23],"class_list":["post-289359","post","type-post","status-publish","format-standard","has-post-thumbnail","category-geneve","tag-agriculture","tag-geneva","tag-geneve","tag-justice","tag-premium","tag-suisse"],"share_on_mastodon":{"url":"https:\/\/pubeurope.com\/@ch_fr\/117206290396471153","error":""},"_links":{"self":[{"href":"https:\/\/www.europesays.com\/ch-fr\/wp-json\/wp\/v2\/posts\/289359","targetHints":{"allow":["GET"]}}],"collection":[{"href":"https:\/\/www.europesays.com\/ch-fr\/wp-json\/wp\/v2\/posts"}],"about":[{"href":"https:\/\/www.europesays.com\/ch-fr\/wp-json\/wp\/v2\/types\/post"}],"author":[{"embeddable":true,"href":"https:\/\/www.europesays.com\/ch-fr\/wp-json\/wp\/v2\/users\/2"}],"replies":[{"embeddable":true,"href":"https:\/\/www.europesays.com\/ch-fr\/wp-json\/wp\/v2\/comments?post=289359"}],"version-history":[{"count":0,"href":"https:\/\/www.europesays.com\/ch-fr\/wp-json\/wp\/v2\/posts\/289359\/revisions"}],"wp:featuredmedia":[{"embeddable":true,"href":"https:\/\/www.europesays.com\/ch-fr\/wp-json\/wp\/v2\/media\/289360"}],"wp:attachment":[{"href":"https:\/\/www.europesays.com\/ch-fr\/wp-json\/wp\/v2\/media?parent=289359"}],"wp:term":[{"taxonomy":"category","embeddable":true,"href":"https:\/\/www.europesays.com\/ch-fr\/wp-json\/wp\/v2\/categories?post=289359"},{"taxonomy":"post_tag","embeddable":true,"href":"https:\/\/www.europesays.com\/ch-fr\/wp-json\/wp\/v2\/tags?post=289359"}],"curies":[{"name":"wp","href":"https:\/\/api.w.org\/{rel}","templated":true}]}}