{"id":289361,"date":"2026-09-03T09:04:16","date_gmt":"2026-09-03T09:04:16","guid":{"rendered":"https:\/\/www.europesays.com\/ch-fr\/289361\/"},"modified":"2026-09-03T09:04:16","modified_gmt":"2026-09-03T09:04:16","slug":"jean-marc-genereux-en-deuil-cetait-un-rayon-de-soleil","status":"publish","type":"post","link":"https:\/\/www.europesays.com\/ch-fr\/289361\/","title":{"rendered":"Jean-Marc G\u00e9n\u00e9reux, en deuil\u00a0: \u00ab\u00a0c&rsquo;\u00e9tait un rayon de soleil\u00a0\u00bb"},"content":{"rendered":"<p>            <a href=\"https:\/\/www.journaldesfemmes.fr\/people\/magazine\/3276289-actu-people-aout-patrick-bruel-sylvie-vartan-celine-dion\/3276831-louane\" class=\"app_button_nav_prev jMiddlePreviousButton\" rel=\"nofollow noopener\" target=\"_blank\"><\/a><a href=\"https:\/\/www.journaldesfemmes.fr\/people\/magazine\/3276289-actu-people-aout-patrick-bruel-sylvie-vartan-celine-dion\/3276833-jean-michel-maire\" class=\"app_button_nav_next jMiddleNextButton\" rel=\"nofollow noopener\" target=\"_blank\"><\/a><\/p>\n<p>                <img loading=\"lazy\" decoding=\"async\" src=\"https:\/\/www.europesays.com\/ch-fr\/wp-content\/uploads\/2026\/09\/40060611.jpg\" alt=\"\" width=\"250\" height=\"458\"\/><br \/>\n            <a href=\"https:\/\/img-3.journaldesfemmes.fr\/4dvnhrMvSxPE4rm8ngm6ddEn1Wk=\/600x\/smart\/c28c776bd2fa45bf98d98a0b5d9d28f5\/ccmcms-jdf\/40060611.jpg\" class=\"fancy app_btn_1 app_btn--ico\" rel=\"nofollow noopener\" target=\"_blank\"><\/a>Jean-Marc G\u00e9n\u00e9reux \u00a9\u00a0Domine Jerome\/ABACA    <\/p>\n<p>Grande \u00e9motion. Jean-Marc G\u00e9n\u00e9reux traverse une p\u00e9riode compliqu\u00e9e. Sa s\u0153ur Isabelle s&rsquo;est, en effet, \u00e9teinte. \u00ab\u00a0La semaine derni\u00e8re, son combat contre la scl\u00e9rose en plaques qu&rsquo;elle combattait depuis de plus de 30\u00a0ans l&rsquo;a emport\u00e9e (&#8230;) C&rsquo;est avec beaucoup de tristesse et d&rsquo;\u00e9motion que j&rsquo;\u00e9cris ces quelques mots (&#8230;) (C&rsquo;\u00e9tait) un rayon de soleil, une femme dynamique, volontaire, forte avec des opinions bien \u00e0 elle et une vraie colonne vert\u00e9brale\u00a0\u00bb, a \u00e9crit le chor\u00e9graphe de 63 ans sur Instagram.<\/p>\n","protected":false},"excerpt":{"rendered":"Jean-Marc G\u00e9n\u00e9reux \u00a9\u00a0Domine Jerome\/ABACA Grande \u00e9motion. Jean-Marc G\u00e9n\u00e9reux traverse une p\u00e9riode compliqu\u00e9e. Sa s\u0153ur Isabelle s&rsquo;est, en effet,&hellip;\n","protected":false},"author":2,"featured_media":289362,"comment_status":"","ping_status":"","sticky":false,"template":"","format":"standard","meta":{"footnotes":"","_share_on_mastodon":"0"},"categories":[15],"tags":[158,157,63001,203,113,112,1244,207,864,159,23],"class_list":["post-289361","post","type-post","status-publish","format-standard","has-post-thumbnail","category-people","tag-celebrities","tag-celebrity","tag-cms-journaldesfemmes-3276825","tag-controller-content","tag-divertissement","tag-entertainment","tag-format-reportage","tag-les-histoires-du-jdf","tag-magazine","tag-people","tag-suisse"],"share_on_mastodon":{"url":"https:\/\/pubeurope.com\/@ch_fr\/117206310476349480","error":""},"_links":{"self":[{"href":"https:\/\/www.europesays.com\/ch-fr\/wp-json\/wp\/v2\/posts\/289361","targetHints":{"allow":["GET"]}}],"collection":[{"href":"https:\/\/www.europesays.com\/ch-fr\/wp-json\/wp\/v2\/posts"}],"about":[{"href":"https:\/\/www.europesays.com\/ch-fr\/wp-json\/wp\/v2\/types\/post"}],"author":[{"embeddable":true,"href":"https:\/\/www.europesays.com\/ch-fr\/wp-json\/wp\/v2\/users\/2"}],"replies":[{"embeddable":true,"href":"https:\/\/www.europesays.com\/ch-fr\/wp-json\/wp\/v2\/comments?post=289361"}],"version-history":[{"count":0,"href":"https:\/\/www.europesays.com\/ch-fr\/wp-json\/wp\/v2\/posts\/289361\/revisions"}],"wp:featuredmedia":[{"embeddable":true,"href":"https:\/\/www.europesays.com\/ch-fr\/wp-json\/wp\/v2\/media\/289362"}],"wp:attachment":[{"href":"https:\/\/www.europesays.com\/ch-fr\/wp-json\/wp\/v2\/media?parent=289361"}],"wp:term":[{"taxonomy":"category","embeddable":true,"href":"https:\/\/www.europesays.com\/ch-fr\/wp-json\/wp\/v2\/categories?post=289361"},{"taxonomy":"post_tag","embeddable":true,"href":"https:\/\/www.europesays.com\/ch-fr\/wp-json\/wp\/v2\/tags?post=289361"}],"curies":[{"name":"wp","href":"https:\/\/api.w.org\/{rel}","templated":true}]}}