{"id":289381,"date":"2026-09-03T09:23:21","date_gmt":"2026-09-03T09:23:21","guid":{"rendered":"https:\/\/www.europesays.com\/ch-fr\/289381\/"},"modified":"2026-09-03T09:23:21","modified_gmt":"2026-09-03T09:23:21","slug":"le-plr-ne-veut-pas-de-contraception-gratuite-a-geneve-4","status":"publish","type":"post","link":"https:\/\/www.europesays.com\/ch-fr\/289381\/","title":{"rendered":"Le PLR ne veut pas de contraception gratuite \u00e0 Gen\u00e8ve"},"content":{"rendered":"<p>    <img src=\"https:\/\/www.europesays.com\/ch-fr\/wp-content\/uploads\/2026\/09\/a8f52d570096a805535ffa5325d65157c2b234dc-91987539.jpg\" width=\"1400\" height=\"1050\" alt=\"\" loading=\"eager\" decoding=\"sync\" fetchpriority=\"high\"\/><\/p>\n<p>            Keystone-SDA        <\/p>\n<p>        A Gen\u00e8ve, le PLR appelle \u00e0 rejeter l&rsquo;initiative socialiste \u00ab\u00a0Pour une contraception gratuite\u00a0\u00bb, en votation le 27 septembre. En cause: le co\u00fbt, de plus de 20 millions de francs par an, d&rsquo;un texte \u00ab\u00a0arrosoir\u00a0\u00bb qui ne permet pas de pr\u00e9venir un probl\u00e8me de sant\u00e9 publique.\n<\/p>\n<p>        Ce contenu a \u00e9t\u00e9 publi\u00e9 sur    <\/p>\n<p>        01 septembre 2026 &#8211; 15:19\n<\/p>\n<p> (Keystone-ATS) \u00abLa contraception est une affaire priv\u00e9e, pas une affaire d\u2019Etat\u00bb, dit l\u2019affiche de votation du PLR. \u00abLa contraception touche \u00e0 ce qu\u2019il y a de plus intime, l\u2019Etat n\u2019a pas \u00e0 s\u2019en m\u00ealer\u00bb, a ajout\u00e9 mardi devant les m\u00e9dias Alexis Couniniotis, pr\u00e9sident des Jeunes lib\u00e9raux-radicaux (JLR), avant de critiquer une initiative qui \u00abrate sa cible\u00bb, au lieu d\u2019aider ceux qui en ont r\u00e9ellement besoin.<\/p>\n<p>Estim\u00e9 \u00e0 20 millions par an \u00absans les frais m\u00e9dicaux ni administratifs\u00bb, le co\u00fbt de la mise en oeuvre de ce texte \u00abva exploser\u00bb \u00e0 l\u2019instar de la gratuit\u00e9 des transports publics, dont le co\u00fbt est pass\u00e9 de 32 \u00e0 53 millions. \u00abCette initiative va cr\u00e9er une nouvelle charge contrainte et non ma\u00eetris\u00e9e pour l\u2019Etat, dans un contexte budg\u00e9taire d\u00e9ficitaire\u00bb, a-t-il d\u00e9plor\u00e9.<\/p>\n<p>Sant\u00e9 publique<\/p>\n<p>Constatant une hausse inqui\u00e9tante des infections sexuellement transmissibles (IST) en Suisse, le PLR pr\u00f4ne l\u2019utilisation du pr\u00e9servatif, qui permet aussi de lutter contre les grossesses non d\u00e9sir\u00e9es. Il pr\u00e9conise aussi de mettre l\u2019accent sur la pr\u00e9vention dans le milieu scolaire par rapport aux risques de rapports non prot\u00e9g\u00e9s, a d\u00e9taill\u00e9 M. Couniniotis.<\/p>\n<p>\u00abLe pr\u00e9servatif gratuit contre les IST rel\u00e8ve de la sant\u00e9 publique, alors qu\u2019une grossesse non d\u00e9sir\u00e9e est un choix personnel\u00bb, a d\u00e9clar\u00e9 Lea Di Benedetto, membre des JLR. Selon elle, le pr\u00e9servatif permet de sensibiliser les jeunes hommes en particulier.<\/p>\n<p>Pr\u00e9servatifs gratuits<\/p>\n<p>Sur proposition du PLR, la distribution de pr\u00e9servatifs par l\u2019Etat figurait dans le contreprojet \u00e9labor\u00e9 par la commission de la sant\u00e9 et rejet\u00e9 en pl\u00e9ni\u00e8re, a expliqu\u00e9 le d\u00e9put\u00e9 Pascal Uehlinger. Le Conseil d\u2019Etat a d\u2019ailleurs r\u00e9cemment annonc\u00e9 la mise \u00e0 disposition gratuite de pr\u00e9servatifs dans les pharmacies, centres d\u2019accueil sociaux et de sant\u00e9 associatifs ou encore communaux.<\/p>\n<p>\u00abLe contreprojet a \u00e9t\u00e9 enti\u00e8rement repris par le gouvernement et est en force\u00bb, a salu\u00e9 M. Uehlinger. Et de pr\u00e9ciser que le pr\u00e9servatif est utilis\u00e9 comme moyen de contraception dans 42% des cas, contre 31% pour la pilule, 15% pour la vasectomie et 12% pour les implants intra-ut\u00e9rins. \u00abLa gratuit\u00e9 de la contraception ne r\u00e9pond pas au probl\u00e8me majeur de sant\u00e9 publique que sont les IST\u00bb, a-t-il insist\u00e9.<\/p>\n","protected":false},"excerpt":{"rendered":"Keystone-SDA A Gen\u00e8ve, le PLR appelle \u00e0 rejeter l&rsquo;initiative socialiste \u00ab\u00a0Pour une contraception gratuite\u00a0\u00bb, en votation le 27&hellip;\n","protected":false},"author":2,"featured_media":289382,"comment_status":"","ping_status":"","sticky":false,"template":"","format":"standard","meta":{"footnotes":"","_share_on_mastodon":"0"},"categories":[17],"tags":[170,169,23,36],"class_list":["post-289381","post","type-post","status-publish","format-standard","has-post-thumbnail","category-geneve","tag-geneva","tag-geneve","tag-suisse","tag-ticker"],"share_on_mastodon":{"url":"https:\/\/pubeurope.com\/@ch_fr\/117206385188522422","error":""},"_links":{"self":[{"href":"https:\/\/www.europesays.com\/ch-fr\/wp-json\/wp\/v2\/posts\/289381","targetHints":{"allow":["GET"]}}],"collection":[{"href":"https:\/\/www.europesays.com\/ch-fr\/wp-json\/wp\/v2\/posts"}],"about":[{"href":"https:\/\/www.europesays.com\/ch-fr\/wp-json\/wp\/v2\/types\/post"}],"author":[{"embeddable":true,"href":"https:\/\/www.europesays.com\/ch-fr\/wp-json\/wp\/v2\/users\/2"}],"replies":[{"embeddable":true,"href":"https:\/\/www.europesays.com\/ch-fr\/wp-json\/wp\/v2\/comments?post=289381"}],"version-history":[{"count":0,"href":"https:\/\/www.europesays.com\/ch-fr\/wp-json\/wp\/v2\/posts\/289381\/revisions"}],"wp:featuredmedia":[{"embeddable":true,"href":"https:\/\/www.europesays.com\/ch-fr\/wp-json\/wp\/v2\/media\/289382"}],"wp:attachment":[{"href":"https:\/\/www.europesays.com\/ch-fr\/wp-json\/wp\/v2\/media?parent=289381"}],"wp:term":[{"taxonomy":"category","embeddable":true,"href":"https:\/\/www.europesays.com\/ch-fr\/wp-json\/wp\/v2\/categories?post=289381"},{"taxonomy":"post_tag","embeddable":true,"href":"https:\/\/www.europesays.com\/ch-fr\/wp-json\/wp\/v2\/tags?post=289381"}],"curies":[{"name":"wp","href":"https:\/\/api.w.org\/{rel}","templated":true}]}}