{"id":289383,"date":"2026-09-03T09:30:44","date_gmt":"2026-09-03T09:30:44","guid":{"rendered":"https:\/\/www.europesays.com\/ch-fr\/289383\/"},"modified":"2026-09-03T09:30:44","modified_gmt":"2026-09-03T09:30:44","slug":"la-nouvelle-serie-suisse-toxic-arrive-cet-automne-sur-la-rts","status":"publish","type":"post","link":"https:\/\/www.europesays.com\/ch-fr\/289383\/","title":{"rendered":"La nouvelle s\u00e9rie suisse \u00ab\u00a0Toxic\u00a0\u00bb arrive cet automne sur la RTS"},"content":{"rendered":"<p>D\u00e8s le 27 septembre sur Play RTS et diffus\u00e9e chaque dimanche soir \u00e0 partir du 4\u00a0octobre sur RTS\u00a01, la fiction \u00ab\u00a0Toxic\u00a0\u00bb est un drame familial doubl\u00e9 d\u2019une investigation sur un d\u00e9sastre \u00e9cologique.<\/p>\n<p>A Lausanne, une myst\u00e9rieuse contamination du L\u00e9man provoque la panique. L\u2019eau courante devient impropre \u00e0 la consommation et l\u2019acc\u00e8s au lac est interdit. Toxicologue au centre de m\u00e9decine l\u00e9gale, Roxane Joly (Ophelia Kolb), traque l\u2019origine du virus tandis que son mari David (Gr\u00e9gory Montel), inspecteur \u00e0 la Police judiciaire, enqu\u00eate sur les responsables de cette pollution.<\/p>\n<p>Mais la crise environnementale fait aussi vaciller deux couples. Alors que Roxane et David sont confront\u00e9s \u00e0 des probl\u00e8mes de fertilit\u00e9 et s\u2019engagent dans un parcours de procr\u00e9ation assist\u00e9e, Nicole et Julien Meyer voient leur fille Lucie, onze ans, dispara\u00eetre le jour de la contamination. Deux histoires familiales qui vont progressivement se rejoindre dans un contexte o\u00f9 chacun tente de comprendre ce qui est arriv\u00e9 et de continuer de croire en l\u2019avenir.<\/p>\n<p>Cr\u00e9\u00e9e et r\u00e9alis\u00e9e par V\u00e9ronique Reymond et St\u00e9phanie Chuat, Toxic utilise le L\u00e9man comme personnage \u00e0 part enti\u00e8re: un environnement familier et majestueux qui devient soudain une source de danger. Loin de la s\u00e9rie catastrophe, les cr\u00e9atrices s\u2019int\u00e9ressent aux cons\u00e9quences humaines d\u2019un \u00e9v\u00e9nement qui bouleverse les certitudes et r\u00e9v\u00e8le les fragilit\u00e9s de chacun. La contamination devient le r\u00e9v\u00e9lateur d\u2019une inqui\u00e9tude plus contemporaine: comment envisager la transmission et l\u2019avenir dans un monde confront\u00e9 au d\u00e9r\u00e8glement climatique?<\/p>\n","protected":false},"excerpt":{"rendered":"D\u00e8s le 27 septembre sur Play RTS et diffus\u00e9e chaque dimanche soir \u00e0 partir du 4\u00a0octobre sur RTS\u00a01,&hellip;\n","protected":false},"author":2,"featured_media":289384,"comment_status":"","ping_status":"","sticky":false,"template":"","format":"standard","meta":{"footnotes":"","_share_on_mastodon":"0"},"categories":[10],"tags":[380,8315,3743,113,112,1333,3950,346,63002,63003,715,33761,547,63004,23,63005,63006],"class_list":["post-289383","post","type-post","status-publish","format-standard","has-post-thumbnail","category-divertissement","tag-arts-et-divertissement","tag-communiques-de-presse","tag-contamination","tag-divertissement","tag-entertainment","tag-episode","tag-fiction","tag-forme-dramatique","tag-gregory-montel","tag-ophelia-kolb","tag-radio-television-suisse","tag-rts-un","tag-serie","tag-stephanie-chuat","tag-suisse","tag-toxic","tag-veronique-reymond"],"share_on_mastodon":{"url":"https:\/\/pubeurope.com\/@ch_fr\/117206412594731046","error":""},"_links":{"self":[{"href":"https:\/\/www.europesays.com\/ch-fr\/wp-json\/wp\/v2\/posts\/289383","targetHints":{"allow":["GET"]}}],"collection":[{"href":"https:\/\/www.europesays.com\/ch-fr\/wp-json\/wp\/v2\/posts"}],"about":[{"href":"https:\/\/www.europesays.com\/ch-fr\/wp-json\/wp\/v2\/types\/post"}],"author":[{"embeddable":true,"href":"https:\/\/www.europesays.com\/ch-fr\/wp-json\/wp\/v2\/users\/2"}],"replies":[{"embeddable":true,"href":"https:\/\/www.europesays.com\/ch-fr\/wp-json\/wp\/v2\/comments?post=289383"}],"version-history":[{"count":0,"href":"https:\/\/www.europesays.com\/ch-fr\/wp-json\/wp\/v2\/posts\/289383\/revisions"}],"wp:featuredmedia":[{"embeddable":true,"href":"https:\/\/www.europesays.com\/ch-fr\/wp-json\/wp\/v2\/media\/289384"}],"wp:attachment":[{"href":"https:\/\/www.europesays.com\/ch-fr\/wp-json\/wp\/v2\/media?parent=289383"}],"wp:term":[{"taxonomy":"category","embeddable":true,"href":"https:\/\/www.europesays.com\/ch-fr\/wp-json\/wp\/v2\/categories?post=289383"},{"taxonomy":"post_tag","embeddable":true,"href":"https:\/\/www.europesays.com\/ch-fr\/wp-json\/wp\/v2\/tags?post=289383"}],"curies":[{"name":"wp","href":"https:\/\/api.w.org\/{rel}","templated":true}]}}