{"id":289389,"date":"2026-09-03T09:33:18","date_gmt":"2026-09-03T09:33:18","guid":{"rendered":"https:\/\/www.europesays.com\/ch-fr\/289389\/"},"modified":"2026-09-03T09:33:18","modified_gmt":"2026-09-03T09:33:18","slug":"gratuit-et-open-source-sans-publicite-le-fleuron-francais-vlc-franchit-le-cap-des-7-milliards-de-telechargements-frandroid","status":"publish","type":"post","link":"https:\/\/www.europesays.com\/ch-fr\/289389\/","title":{"rendered":"Gratuit et open source, sans publicit\u00e9, le fleuron fran\u00e7ais VLC franchit le cap des 7\u00a0milliards de t\u00e9l\u00e9chargements \u2014 Frandroid"},"content":{"rendered":"<p>VLC vient de passer les 7\u00a0milliards de t\u00e9l\u00e9chargements. Un logiciel gratuit, sans pub qui acc\u00e9l\u00e8re, pendant que le streaming payant verrouille tout le reste.<\/p>\n<p><a rel=\"noopener nofollow\" target=\"_blank\" href=\"https:\/\/images.frandroid.com\/wp-content\/uploads\/2026\/09\/videolan-vlc.jpg\" class=\"article-content__figure\"><img fetchpriority=\"high\" decoding=\"async\" loading=\"eager\" width=\"1200\" height=\"675\" src=\"https:\/\/www.europesays.com\/ch-fr\/wp-content\/uploads\/2026\/09\/videolan-vlc.jpg\" alt=\"\" class=\"wp-image-3231897 wp-image wp-image\"  \/><\/a><\/p>\n<p>Le lecteur multim\u00e9dia de VideoLAN a franchi les 7 milliards de t\u00e9l\u00e9chargements depuis sa cr\u00e9ation en 1996. Le rythme s\u2019acc\u00e9l\u00e8re. Il a fallu six ans pour aller de 3 \u00e0 6\u00a0milliards, et seulement dix-huit mois pour le milliard suivant. Jean-Baptiste Kempf, pr\u00e9sident et d\u00e9veloppeur principal de VideoLAN, a annonc\u00e9 le chiffre par email, des donn\u00e9es <a rel=\"noopener nofollow\" target=\"_blank\" href=\"https:\/\/techcrunch.com\/2026\/08\/31\/vlc-crosses-7-billion-downloads\/\">rapport\u00e9es par TechCrunch<\/a>.<\/p>\n<p>Derri\u00e8re VLC, il n\u2019y a ni actionnaires ni r\u00e9gie publicitaire. VideoLAN reste une association sans salari\u00e9s, financ\u00e9e par les dons et par les prestations de sa soci\u00e9t\u00e9 Videolabs. <\/p>\n<p>                <img decoding=\"async\" width=\"1200\" height=\"446\" loading=\"lazy\" alt=\"box-bitdefender-2\" title=\"box-bitdefender-2\" class=\"is-radiusless placeholder-default wp-image\" src=\"https:\/\/www.europesays.com\/ch-fr\/wp-content\/uploads\/2026\/09\/1788427998_907_box-bitdefender-2-1200x446.png\" \/><img decoding=\"async\" width=\"1200\" height=\"446\" loading=\"lazy\" alt=\"box-bitdefender-2\" title=\"box-bitdefender-2\" class=\"is-radiusless placeholder-default wp-image\" src=\"https:\/\/www.europesays.com\/ch-fr\/wp-content\/uploads\/2026\/09\/1788427998_907_box-bitdefender-2-1200x446.png\" \/>            <\/p>\n<p>\n                    Une protection compl\u00e8te de votre vie num\u00e9rique.                <\/p>\n<p class=\"has-text-weight-medium is-size-6 is-line-height-normal\">\n                    Prot\u00e9gez votre vie num\u00e9rique et vos appareils contre les virus, arnaques, ransomwares et menaces en ligne avec Bitdefender, prim\u00e9 pour sa protection et compatible avec Windows, Mac, Android et iOS.                <\/p>\n<p>Ce mod\u00e8le a tenu bon face \u00e0 des offres qui auraient pu tout changer. Google avait propos\u00e9 un dollar par installation de Chrome gliss\u00e9e dans l\u2019installateur de VLC, une offre que Kempf a d\u00e9clin\u00e9e, comme il l\u2019a <a rel=\"noopener nofollow\" target=\"_blank\" href=\"https:\/\/www.clubic.com\/actualite-627781-vlc-depasse-les-7-milliards-de-telechargements-et-s-installe-sur-de-nouveaux-ecrans.html\">racont\u00e9e en d\u00e9tail d\u00e9but 2026<\/a>. <\/p>\n<p>La promesse de VLC, elle, n\u2019a pas boug\u00e9 en trente ans\u00a0: lire n\u2019importe quel fichier, partout. Pendant ce temps, la consommation vid\u00e9o a totalement chang\u00e9, <a href=\"https:\/\/www.frandroid.com\/android\/developpement\/121571_le-html-5-est-finalise\" rel=\"nofollow noopener\" target=\"_blank\">passant du Flash au HTML 5<\/a> quand <a href=\"https:\/\/www.frandroid.com\/marques\/google\/265036_youtube-laisse-definitivement-tomber-flash-et-passe-au-tout-html-5\" rel=\"nofollow noopener\" target=\"_blank\">YouTube a bascul\u00e9 toute sa plateforme<\/a>, avant l\u2019\u00e9mergence des offres de SVOD comme Netflix.<\/p>\n<p>Vega OS, VLC 4 et une IA encore en test<\/p>\n<p>VideoLAN a port\u00e9 VLC sur Vega OS, le syst\u00e8me qu\u2019Amazon d\u00e9veloppe pour ses appareils Fire TV. Contrairement \u00e0 Fire OS, b\u00e2ti sur Android, Vega OS repose enti\u00e8rement sur Linux et s\u2019appuie sur React Native. Les applications pens\u00e9es pour Android n\u2019y fonctionnent pas nativement, ce qui a oblig\u00e9 l\u2019\u00e9quipe \u00e0 r\u00e9\u00e9crire VLC pour l\u2019occasion. L\u2019association dit aussi travailler \u00e0 d\u2019autres plateformes et \u00e0 de nouveaux codecs, sans plus de d\u00e9tails.<\/p>\n<p>La version VLC 4 se fait attendre, toujours sans date. M\u00eame chose pour les sous-titres et la traduction automatiques par IA, montr\u00e9s en 2025 et cens\u00e9s tourner en local, directement sur l\u2019appareil, sans serveur ni connexion internet. Cette fonction reste en phase d\u2019exp\u00e9rimentation. <\/p>\n<p>VLC reste gratuit, ouvert et sans publicit\u00e9. N\u00e9 d\u2019un projet d\u2019\u00e9tudiants de l\u2019\u00c9cole Centrale Paris, il prouve surtout qu\u2019un logiciel peut durer trois d\u00e9cennies sans transformer ses usagers en abonn\u00e9s ni en donn\u00e9es. Dans la tech de 2026, c\u2019est presque devenu une anomalie.<\/p>\n","protected":false},"excerpt":{"rendered":"VLC vient de passer les 7\u00a0milliards de t\u00e9l\u00e9chargements. Un logiciel gratuit, sans pub qui acc\u00e9l\u00e8re, pendant que le&hellip;\n","protected":false},"author":2,"featured_media":289390,"comment_status":"","ping_status":"","sticky":false,"template":"","format":"standard","meta":{"footnotes":"","_share_on_mastodon":"0"},"categories":[7],"tags":[798,61,57,59,58,23,60,62],"class_list":["post-289389","post","type-post","status-publish","format-standard","has-post-thumbnail","category-sciences-et-technologies","tag-breaking","tag-science","tag-science-and-technology","tag-sciences","tag-sciences-et-technologies","tag-suisse","tag-technologies","tag-technology"],"share_on_mastodon":{"url":"https:\/\/pubeurope.com\/@ch_fr\/117206424734042404","error":""},"_links":{"self":[{"href":"https:\/\/www.europesays.com\/ch-fr\/wp-json\/wp\/v2\/posts\/289389","targetHints":{"allow":["GET"]}}],"collection":[{"href":"https:\/\/www.europesays.com\/ch-fr\/wp-json\/wp\/v2\/posts"}],"about":[{"href":"https:\/\/www.europesays.com\/ch-fr\/wp-json\/wp\/v2\/types\/post"}],"author":[{"embeddable":true,"href":"https:\/\/www.europesays.com\/ch-fr\/wp-json\/wp\/v2\/users\/2"}],"replies":[{"embeddable":true,"href":"https:\/\/www.europesays.com\/ch-fr\/wp-json\/wp\/v2\/comments?post=289389"}],"version-history":[{"count":0,"href":"https:\/\/www.europesays.com\/ch-fr\/wp-json\/wp\/v2\/posts\/289389\/revisions"}],"wp:featuredmedia":[{"embeddable":true,"href":"https:\/\/www.europesays.com\/ch-fr\/wp-json\/wp\/v2\/media\/289390"}],"wp:attachment":[{"href":"https:\/\/www.europesays.com\/ch-fr\/wp-json\/wp\/v2\/media?parent=289389"}],"wp:term":[{"taxonomy":"category","embeddable":true,"href":"https:\/\/www.europesays.com\/ch-fr\/wp-json\/wp\/v2\/categories?post=289389"},{"taxonomy":"post_tag","embeddable":true,"href":"https:\/\/www.europesays.com\/ch-fr\/wp-json\/wp\/v2\/tags?post=289389"}],"curies":[{"name":"wp","href":"https:\/\/api.w.org\/{rel}","templated":true}]}}