{"id":289391,"date":"2026-09-03T09:34:16","date_gmt":"2026-09-03T09:34:16","guid":{"rendered":"https:\/\/www.europesays.com\/ch-fr\/289391\/"},"modified":"2026-09-03T09:34:16","modified_gmt":"2026-09-03T09:34:16","slug":"la-chine-demande-a-la-france-dabandonner-la-loi-sur-lultra-fast-fashion-visant-shein-et-temu","status":"publish","type":"post","link":"https:\/\/www.europesays.com\/ch-fr\/289391\/","title":{"rendered":"La Chine demande \u00e0 la France d&rsquo;abandonner la loi sur l&rsquo;ultra-fast fashion visant Shein et Temu"},"content":{"rendered":"\n<p class=\"text text-block paragraph text-left neo-font-paragraph-xl-reg  yf-18d6y07\" style=\"text-decoration: none; font-style: normal; text-transform: none; text-align: inherit; font-variant-numeric: normal;\">La Chine a appel\u00e9 la France \u00e0 suspendre sa nouvelle loi visant l&rsquo;ultra-fast fashion, qu&rsquo;elle juge discriminatoire.  <\/p>\n<p class=\"text text-block paragraph text-left neo-font-paragraph-xl-reg  yf-18d6y07\" style=\"text-decoration: none; font-style: normal; text-transform: none; text-align: inherit; font-variant-numeric: normal;\">La loi, entr\u00e9e en vigueur mardi, augmente la contribution vers\u00e9e par les producteurs de v\u00eatements, de chaussures et de linge de maison concern\u00e9s, vendus via des mod\u00e8les \u00e9conomiques d&rsquo;ultra-fast fashion, de 0,25 \u00e0 12 \u20ac par article en 2026, le plafond devant passer \u00e0 20 \u20ac \u00e0 partir de 2030.  <\/p>\n<p class=\"text text-block paragraph text-left neo-font-paragraph-xl-reg  yf-18d6y07\" style=\"text-decoration: none; font-style: normal; text-transform: none; text-align: inherit; font-variant-numeric: normal;\">Le texte concerne les grandes plateformes de commerce en ligne, dont Shein, Temu et AliExpress.  <\/p>\n<p class=\"text text-block paragraph text-left neo-font-paragraph-xl-reg  yf-18d6y07\" style=\"text-decoration: none; font-style: normal; text-transform: none; text-align: inherit; font-variant-numeric: normal;\">\u00ab\u00a0La Chine demande \u00e0 la France de suspendre imm\u00e9diatement l&rsquo;application de la loi anti-ultra-fast fashion\u00a0\u00bb, a d\u00e9clar\u00e9 jeudi la porte-parole du minist\u00e8re du Commerce, Huang Ling, lors d&rsquo;une conf\u00e9rence de presse.  <\/p>\n<p class=\"text text-block paragraph text-left neo-font-paragraph-xl-reg  yf-18d6y07\" style=\"text-decoration: none; font-style: normal; text-transform: none; text-align: inherit; font-variant-numeric: normal;\">Elle a indiqu\u00e9 que la Chine \u00e9tait \u00ab\u00a0tr\u00e8s m\u00e9contente\u00a0\u00bb de la d\u00e9cision de la France d&rsquo;aller de l&rsquo;avant avec ce que P\u00e9kin consid\u00e8re comme une restriction commerciale discriminatoire.  <\/p>\n<p class=\"text text-block paragraph text-left neo-font-paragraph-xl-reg  yf-18d6y07\" style=\"text-decoration: none; font-style: normal; text-transform: none; text-align: inherit; font-variant-numeric: normal;\">Related  <\/p>\n<p class=\"text text-block paragraph text-left neo-font-paragraph-xl-reg  yf-18d6y07\" style=\"text-decoration: none; font-style: normal; text-transform: none; text-align: inherit; font-variant-numeric: normal;\">Selon elle, P\u00e9kin estime que ce texte instrumentalise les crit\u00e8res environnementaux et de durabilit\u00e9 pour instaurer un traitement \u00e0 deux vitesses et pourrait enfreindre les r\u00e8gles de non-discrimination de l&rsquo;Organisation mondiale du commerce.  <\/p>\n<p class=\"text text-block paragraph text-left neo-font-paragraph-xl-reg  yf-18d6y07\" style=\"text-decoration: none; font-style: normal; text-transform: none; text-align: inherit; font-variant-numeric: normal;\">\u00ab\u00a0Si la France persiste, la Chine prendra les mesures n\u00e9cessaires pour prot\u00e9ger les droits et int\u00e9r\u00eats l\u00e9gitimes des entreprises chinoises\u00a0\u00bb, a-t-elle ajout\u00e9.  <\/p>\n<p class=\"text text-block paragraph text-left neo-font-paragraph-xl-reg  yf-18d6y07\" style=\"text-decoration: none; font-style: normal; text-transform: none; text-align: inherit; font-variant-numeric: normal;\">\u00ab\u00a0La France assumera toutes les cons\u00e9quences qui en d\u00e9couleront.\u00a0\u00bb  <\/p>\n<p>        Que dit la loi ?          <\/p>\n<p class=\"text text-block paragraph text-left neo-font-paragraph-xl-reg  yf-18d6y07\" style=\"text-decoration: none; font-style: normal; text-transform: none; text-align: inherit; font-variant-numeric: normal;\">La loi d\u00e9finit l&rsquo;ultra-fast fashion selon deux crit\u00e8res : le nombre de nouveaux produits lanc\u00e9s par une entreprise et le fait que les clients soient, ou non, encourag\u00e9s \u00e0 r\u00e9parer plut\u00f4t qu&rsquo;\u00e0 remplacer leurs articles.  <\/p>\n<p class=\"text text-block paragraph text-left neo-font-paragraph-xl-reg  yf-18d6y07\" style=\"text-decoration: none; font-style: normal; text-transform: none; text-align: inherit; font-variant-numeric: normal;\">Ce dispositif vise \u00e0 r\u00e9duire l&#8217;empreinte environnementale de l&rsquo;industrie de la mode et \u00e0 prot\u00e9ger le secteur de l&rsquo;habillement en France face \u00e0 l&rsquo;afflux de produits \u00e0 bas prix.  <\/p>\n<p class=\"text text-block paragraph text-left neo-font-paragraph-xl-reg  yf-18d6y07\" style=\"text-decoration: none; font-style: normal; text-transform: none; text-align: inherit; font-variant-numeric: normal;\">La redevance par article variera selon un bar\u00e8me pr\u00e9d\u00e9fini, en fonction du score obtenu par chaque produit sur ces deux crit\u00e8res.  <\/p>\n<p class=\"text text-block paragraph text-left neo-font-paragraph-xl-reg  yf-18d6y07\" style=\"text-decoration: none; font-style: normal; text-transform: none; text-align: inherit; font-variant-numeric: normal;\">Cette contribution sera pay\u00e9e par les producteurs et non directement par les consommateurs, m\u00eame si les entreprises pourront en r\u00e9percuter tout ou partie via une hausse des prix.  <\/p>\n<p class=\"text text-block paragraph text-left neo-font-paragraph-xl-reg  yf-18d6y07\" style=\"text-decoration: none; font-style: normal; text-transform: none; text-align: inherit; font-variant-numeric: normal;\">Shein, connue pour ses prix bas et le renouvellement tr\u00e8s rapide de son offre, a fait des d\u00e9buts en demi-teinte \u00e0 la Bourse de Hong Kong mardi, apr\u00e8s que ses projets de cotation \u00e0 New York et \u00e0 Londres ont \u00e9t\u00e9 retard\u00e9s dans un contexte de vives interrogations sur ses cha\u00eenes d&rsquo;approvisionnement en Chine, <a href=\"https:\/\/fr.euronews.com\/2026\/09\/01\/shein-chute-a-hong-kong-penalisee-par-les-droits-sur-les-colis-et-la-guerre-en-iran\" data-ylk=\"slk:lors%20de%20son%20introduction%20en%20Bourse%20jug%C3%A9e%20d%C3%A9cevante;elm:context_link;itc:0;sec:content-canvas;source:content-canvas%20default\" data-yga=\"{&quot;yLinkText&quot;:&quot;lors de son introduction en Bourse jug\u00e9e d\u00e9cevante&quot;,&quot;yLinkElement&quot;:&quot;context_link&quot;,&quot;yModuleName&quot;:&quot;content-canvas&quot;,&quot;yTrafficOrigin&quot;:&quot;content-canvas default&quot;}\" target=\"_blank\" rel=\"noopener noreferrer nofollow\">lors de son introduction en Bourse jug\u00e9e d\u00e9cevante<\/a>.  <\/p>\n","protected":false},"excerpt":{"rendered":"La Chine a appel\u00e9 la France \u00e0 suspendre sa nouvelle loi visant l&rsquo;ultra-fast fashion, qu&rsquo;elle juge discriminatoire. La&hellip;\n","protected":false},"author":2,"featured_media":289392,"comment_status":"","ping_status":"","sticky":false,"template":"","format":"standard","meta":{"footnotes":"","_share_on_mastodon":"0"},"categories":[6],"tags":[63012,63013,45,44,43,30,63010,63009,63011,19621,23],"class_list":["post-289391","post","type-post","status-publish","format-standard","has-post-thumbnail","category-economie","tag-augmente-la","tag-bas-et-le-renouvellement-tres-rapide-de-son-offre","tag-business","tag-economie","tag-economy","tag-france","tag-france-de-suspendre","tag-la-chine","tag-la-loi","tag-shein","tag-suisse"],"share_on_mastodon":{"url":"https:\/\/pubeurope.com\/@ch_fr\/117206428091595786","error":""},"_links":{"self":[{"href":"https:\/\/www.europesays.com\/ch-fr\/wp-json\/wp\/v2\/posts\/289391","targetHints":{"allow":["GET"]}}],"collection":[{"href":"https:\/\/www.europesays.com\/ch-fr\/wp-json\/wp\/v2\/posts"}],"about":[{"href":"https:\/\/www.europesays.com\/ch-fr\/wp-json\/wp\/v2\/types\/post"}],"author":[{"embeddable":true,"href":"https:\/\/www.europesays.com\/ch-fr\/wp-json\/wp\/v2\/users\/2"}],"replies":[{"embeddable":true,"href":"https:\/\/www.europesays.com\/ch-fr\/wp-json\/wp\/v2\/comments?post=289391"}],"version-history":[{"count":0,"href":"https:\/\/www.europesays.com\/ch-fr\/wp-json\/wp\/v2\/posts\/289391\/revisions"}],"wp:featuredmedia":[{"embeddable":true,"href":"https:\/\/www.europesays.com\/ch-fr\/wp-json\/wp\/v2\/media\/289392"}],"wp:attachment":[{"href":"https:\/\/www.europesays.com\/ch-fr\/wp-json\/wp\/v2\/media?parent=289391"}],"wp:term":[{"taxonomy":"category","embeddable":true,"href":"https:\/\/www.europesays.com\/ch-fr\/wp-json\/wp\/v2\/categories?post=289391"},{"taxonomy":"post_tag","embeddable":true,"href":"https:\/\/www.europesays.com\/ch-fr\/wp-json\/wp\/v2\/tags?post=289391"}],"curies":[{"name":"wp","href":"https:\/\/api.w.org\/{rel}","templated":true}]}}