{"id":289403,"date":"2026-09-03T09:44:12","date_gmt":"2026-09-03T09:44:12","guid":{"rendered":"https:\/\/www.europesays.com\/ch-fr\/289403\/"},"modified":"2026-09-03T09:44:12","modified_gmt":"2026-09-03T09:44:12","slug":"la-mostra-de-venise-ouvre-en-deroulant-le-tapis-rouge-a-george-clooney-mais-pas-aux-realisatrices","status":"publish","type":"post","link":"https:\/\/www.europesays.com\/ch-fr\/289403\/","title":{"rendered":"La Mostra de Venise ouvre en d\u00e9roulant le tapis rouge \u00e0 George Clooney, mais pas aux r\u00e9alisatrices"},"content":{"rendered":"<p>La 83e \u00e9dition de la <a href=\"https:\/\/www.france24.com\/fr\/tag\/mostra-de-venise\/\" target=\"_self\" class=\"gtm-add-suggested-tag\" rel=\"nofollow noopener\">Mostra de Venise<\/a> s&rsquo;est ouverte mercredi 2 septembre en d\u00e9cernant un prix honorifique \u00e0 <a href=\"https:\/\/www.france24.com\/fr\/tag\/george-clooney\/\" target=\"_self\" class=\"gtm-add-suggested-tag\" rel=\"nofollow noopener\">George Clooney<\/a>. Une cons\u00e9cration pour cet\u00a0habitu\u00e9 du plus vieux festival de <a href=\"https:\/\/www.france24.com\/fr\/tag\/cin\u00e9ma\/\" target=\"_self\" rel=\"nofollow noopener\">cin\u00e9ma<\/a> au monde, lequel est critiqu\u00e9 cette ann\u00e9e pour le faible nombre de femmes s\u00e9lectionn\u00e9es en comp\u00e9tition.<\/p>\n<p>La m\u00e9gastar de 65 ans, d\u00e9sormais citoyen fran\u00e7ais, a profit\u00e9 de la tribune offerte par la Mostra pour s&rsquo;en prendre au gouvernement am\u00e9ricain, qualifi\u00e9 de \u00ab\u00a0kakistocratie\u00a0\u00bb, soit \u00ab\u00a0un pays dirig\u00e9 par les personnes les moins qualifi\u00e9es\u00a0\u00bb.<\/p>\n<p class=\"a-read-more\">\u00c0 lire aussi<a href=\"https:\/\/www.france24.com\/fr\/\u00e9missions\/\u00e0-l-affiche\/20260902-le-cin\u00e9ma-fait-sa-rentr\u00e9e-hommage-mostra-de-venise-et-western-turc\" target=\"_self\" class=\"a-read-more__link\" rel=\"nofollow noopener\">Le cin\u00e9ma fait sa rentr\u00e9e : hommage, Mostra de Venise et western turc<\/a><\/p>\n<p>\u00ab\u00a0Nous vivons une \u00e9poque o\u00f9 les gens qui nous dirigent, les gens qui ont le plus d&rsquo;argent, nous disent d&rsquo;avoir peur les uns des autres\u00a0\u00bb, a d\u00e9plor\u00e9 Clooney lors de la remise de son Lion d&rsquo;or d&rsquo;honneur.<\/p>\n<p>C\u00f4t\u00e9 festival, l&rsquo;actrice et r\u00e9alisatrice am\u00e9ricaine Maggie Gyllenhaal aura la lourde t\u00e2che de d\u00e9partager les 21 films en comp\u00e9tition en tant que pr\u00e9sidente du jury.<\/p>\n<p>Elle n&rsquo;a pas h\u00e9sit\u00e9 \u00e0 critiquer le choix de la Mostra de ne programmer que deux films r\u00e9alis\u00e9s par des femmes\u00a0\u2013 dont un co-r\u00e9alis\u00e9 avec un homme et ajout\u00e9 tardivement \u00e0 la s\u00e9lection.<\/p>\n<p>\u00ab\u00a0Je suppose qu\u2019il est d\u00e9sormais clair une bonne fois pour toutes que les hommes font de meilleurs films que les femmes\u00a0\u00bb, a-t-elle ironis\u00e9 devant le directeur artistique du festival Alberto Barbera, qui a justifi\u00e9 l&rsquo;absence de r\u00e9alisatrices par la moindre qualit\u00e9 des films propos\u00e9s.<\/p>\n<p>\u00ab\u00a0Il y a \u00e9videmment un probl\u00e8me syst\u00e9mique. Je pense vraiment qu&rsquo;il est beaucoup plus difficile pour les femmes de faire financer leurs films\u00a0\u00bb, a-t-elle ajout\u00e9.<\/p>\n<p> Moins de blockbusters, davantage de films controvers\u00e9s <\/p>\n<p>Autre absence remarqu\u00e9e, celle des gros studios am\u00e9ricains, une tendance d\u00e9j\u00e0 observ\u00e9e \u00e0 Cannes et Berlin. Cela laisse de la place pour des films ind\u00e9pendants comme \u00ab\u00a0Ink\u00a0\u00bb, du cin\u00e9aste britannique Danny Boyle.<\/p>\n<p class=\"a-read-more\">\u00c0 lire aussi<a href=\"https:\/\/www.france24.com\/fr\/\u00e9missions\/les-cl\u00e9s-de-l-info\/20260514-festival-de-cannes-un-outil-pour-contrer-le-nazisme\" target=\"_self\" class=\"a-read-more__link\" rel=\"nofollow noopener\">Le Festival de Cannes, \u00e0 l&rsquo;origine, un outil pour contrer le nazisme<\/a><\/p>\n<p>Projet\u00e9 en ouverture, il revient sur l&rsquo;histoire du tablo\u00efd anglais The Sun et son propri\u00e9taire, le magnat des m\u00e9dias <a href=\"https:\/\/www.france24.com\/fr\/tag\/rupert-murdoch\/\" target=\"_self\" class=\"gtm-add-suggested-tag\" rel=\"nofollow noopener\">Rupert Murdoch<\/a>, lequel est \u00ab\u00a0tr\u00e8s heureux\u00a0\u00bb d&rsquo;\u00eatre incarn\u00e9 par Guy Pearce, a d\u00e9clar\u00e9 l&rsquo;acteur mercredi.<\/p>\n<p>Robert Pattinson jouera lui un pr\u00e9sentateur t\u00e9l\u00e9 sans scrupule dans \u00ab\u00a0Primetime\u00a0\u00bb, inspir\u00e9 par Chris Hansen, le cr\u00e9ateur du programme \u00ab\u00a0To Catch a Predator\u00a0\u00bb.<\/p>\n<p>Plusieurs documentaires projet\u00e9s hors comp\u00e9tition seront aussi consacr\u00e9s \u00e0 des figures charismatiques comme \u00ab\u00a0Musk\u00a0\u00bb, film de 3 h 45 sur la trajectoire chaotique du propri\u00e9taire de Tesla et SpaceX ou bien \u00ab\u00a0Don&rsquo;t Look Back in Anger\u00a0\u00bb sur les fr\u00e8res Gallagher et le groupe Oasis.<\/p>\n<p>Au centre des d\u00e9bats l&rsquo;ann\u00e9e derni\u00e8re, le <a href=\"https:\/\/www.france24.com\/fr\/tag\/conflit-isra\u00e9lo-palestinien\/\" target=\"_self\" rel=\"nofollow noopener\">conflit isra\u00e9lo-palestinien<\/a> sera \u00e0 nouveau tr\u00e8s discut\u00e9 sur le Lido avec quatre films traitant de cette question, dont \u00ab\u00a0NAZA\u00a0\u00bb, des r\u00e9alisateurs isra\u00e9liens oscaris\u00e9s Yuval Abraham et Rachel Szor, qui d\u00e9voile \u00ab\u00a0les syst\u00e8mes derri\u00e8re le massacre calcul\u00e9 de civils palestiniens \u00e0 Gaza par <a href=\"https:\/\/www.france24.com\/fr\/tag\/isra\u00ebl\/\" target=\"_self\" class=\"gtm-add-suggested-tag\" rel=\"nofollow noopener\">Isra\u00ebl<\/a>\u00ab\u00a0.<\/p>\n<p class=\"o-em-consent__content__text\">Pour afficher ce contenu YouTube, il est n\u00e9cessaire d&rsquo;autoriser les cookies de mesure d&rsquo;audience et de publicit\u00e9.<\/p>\n<p>            Accepter<\/p>\n<p>        G\u00e9rer mes choix                <\/p>\n<p class=\"o-em-adblock__content__text\">Une extension de votre navigateur semble bloquer le chargement du lecteur vid\u00e9o. Pour pouvoir regarder ce contenu, vous devez la d\u00e9sactiver ou la d\u00e9sinstaller.<\/p>\n<p>            R\u00e9essayer<\/p>\n<p><img fetchpriority=\"high\" decoding=\"auto\" src=\"https:\/\/www.europesays.com\/ch-fr\/wp-content\/uploads\/2026\/09\/FR-20260903-001309-001346-CS.jpg\"   width=\"1024\" height=\"576\" alt=\"\" loading=\"eager\" class=\"a-img \"\/><\/p>\n<p>    Image de couverture :                    \u00a9 France 24                            <\/p>\n<p>La Mostra a en revanche essuy\u00e9 des critiques pour avoir programm\u00e9 \u00ab\u00a0Dau\u00a0\u00bb, du r\u00e9alisateur Ilya Khrzhanovsky. Le minist\u00e8re de la <a href=\"https:\/\/www.france24.com\/fr\/tag\/culture\/\" target=\"_self\" class=\"gtm-add-suggested-tag\" rel=\"nofollow noopener\">Culture<\/a> ukrainien a d\u00e9nonc\u00e9 un projet li\u00e9 \u00e0 des int\u00e9r\u00eats russes et des oligarques. La Mostra a d\u00e9fendu le film, en insistant sur le statut d&rsquo;exil\u00e9 de son r\u00e9alisateur, un opposant politique de longue date \u00e0 <a href=\"https:\/\/www.france24.com\/fr\/tag\/vladimir-poutine\/\" target=\"_self\" class=\"gtm-add-suggested-tag\" rel=\"nofollow noopener\">Vladimir Poutine<\/a> qui a renonc\u00e9 \u00e0 sa nationalit\u00e9 russe.<\/p>\n<p> Les films fran\u00e7ais \u00e0 l&rsquo;honneur <\/p>\n<p><img fetchpriority=\"low\" decoding=\"async\" src=\"https:\/\/www.europesays.com\/ch-fr\/wp-content\/uploads\/2026\/09\/32518eaaf3aee7fdb23f3ae4eb834f28194c63ea.jpg\"   alt=\"Des festivaliers campent sur le Lido devant le tapis rouge de la Mostra de Venise, en Italie, le 1er septembre 2026\" loading=\"lazy\" class=\"a-img \"\/><\/p>\n<p>                Des festivaliers campent sur le Lido devant le tapis rouge de la Mostra de Venise, en Italie, le 1er septembre 2026.        \u00a9 Stefano Rellandini, AFP                                        <\/p>\n<p>En l&rsquo;absence des studios am\u00e9ricains, une place de choix a \u00e9t\u00e9 accord\u00e9e cette ann\u00e9e au cin\u00e9ma fran\u00e7ais avec quatre longs-m\u00e9trages en lice.<\/p>\n<p>Florian Zeller (\u00ab\u00a0Father\u00a0\u00bb) est tr\u00e8s attendu avec son thriller \u00ab\u00a0Bunker\u00a0\u00bb mettant en sc\u00e8ne le couple star espagnol Javier Bardem et Pen\u00e9lope Cruz.<\/p>\n<p>C\u00e9dric Kahn pr\u00e9sentera lui \u00ab\u00a015\/18\u00a0\u00bb, une plong\u00e9e dans le quotidien d&rsquo;une unit\u00e9 de soins p\u00e9dopsychiatriques.<\/p>\n<p>Nicolas Pariser (\u00ab\u00a0Alice et le maire\u00a0\u00bb) viendra d\u00e9fendre \u00ab\u00a0Un peu avant minuit\u00a0\u00bb avec Melvil Poupaud, Chiara Mastroianni et Golshifteh Farahani, et St\u00e9phane Briz\u00e9 (\u00ab\u00a0La Loi du march\u00e9\u00a0\u00bb) proposera une nouvelle radiographie du capitalisme contemporain et de ses travers avec \u00ab\u00a0Un bon petit soldat\u00a0\u00bb.<\/p>\n<p>Cinq longs-m\u00e9trages de r\u00e9alisateurs italiens sont \u00e9galement en comp\u00e9tition, dont \u00ab\u00a0Succeder\u00e0 questa notte\u00a0\u00bb marquant le retour \u00e0 Venise apr\u00e8s 37 ans d&rsquo;absence de Nanni Moretti, avec Louis Garrel \u00e0 l&rsquo;affiche.<\/p>\n<p>Avec AFP<\/p>\n","protected":false},"excerpt":{"rendered":"La 83e \u00e9dition de la Mostra de Venise s&rsquo;est ouverte mercredi 2 septembre en d\u00e9cernant un prix honorifique&hellip;\n","protected":false},"author":2,"featured_media":289404,"comment_status":"","ping_status":"","sticky":false,"template":"","format":"standard","meta":{"footnotes":"","_share_on_mastodon":"0"},"categories":[15],"tags":[158,157,384,172,113,112,1395,5599,159,23],"class_list":["post-289403","post","type-post","status-publish","format-standard","has-post-thumbnail","category-people","tag-celebrities","tag-celebrity","tag-cinema","tag-culture","tag-divertissement","tag-entertainment","tag-george-clooney","tag-mostra-de-venise","tag-people","tag-suisse"],"share_on_mastodon":{"url":"https:\/\/pubeurope.com\/@ch_fr\/117206467821204302","error":""},"_links":{"self":[{"href":"https:\/\/www.europesays.com\/ch-fr\/wp-json\/wp\/v2\/posts\/289403","targetHints":{"allow":["GET"]}}],"collection":[{"href":"https:\/\/www.europesays.com\/ch-fr\/wp-json\/wp\/v2\/posts"}],"about":[{"href":"https:\/\/www.europesays.com\/ch-fr\/wp-json\/wp\/v2\/types\/post"}],"author":[{"embeddable":true,"href":"https:\/\/www.europesays.com\/ch-fr\/wp-json\/wp\/v2\/users\/2"}],"replies":[{"embeddable":true,"href":"https:\/\/www.europesays.com\/ch-fr\/wp-json\/wp\/v2\/comments?post=289403"}],"version-history":[{"count":0,"href":"https:\/\/www.europesays.com\/ch-fr\/wp-json\/wp\/v2\/posts\/289403\/revisions"}],"wp:featuredmedia":[{"embeddable":true,"href":"https:\/\/www.europesays.com\/ch-fr\/wp-json\/wp\/v2\/media\/289404"}],"wp:attachment":[{"href":"https:\/\/www.europesays.com\/ch-fr\/wp-json\/wp\/v2\/media?parent=289403"}],"wp:term":[{"taxonomy":"category","embeddable":true,"href":"https:\/\/www.europesays.com\/ch-fr\/wp-json\/wp\/v2\/categories?post=289403"},{"taxonomy":"post_tag","embeddable":true,"href":"https:\/\/www.europesays.com\/ch-fr\/wp-json\/wp\/v2\/tags?post=289403"}],"curies":[{"name":"wp","href":"https:\/\/api.w.org\/{rel}","templated":true}]}}