{"id":289413,"date":"2026-09-03T09:53:13","date_gmt":"2026-09-03T09:53:13","guid":{"rendered":"https:\/\/www.europesays.com\/ch-fr\/289413\/"},"modified":"2026-09-03T09:53:13","modified_gmt":"2026-09-03T09:53:13","slug":"suisse-le-pib-accelere-a-15-au-2t-dope-par-la-chimie-pharmacie-deuxieme-estimation-03-09-2026-a-1044","status":"publish","type":"post","link":"https:\/\/www.europesays.com\/ch-fr\/289413\/","title":{"rendered":"Suisse: le PIB acc\u00e9l\u00e8re \u00e0 1,5% au 2T, dop\u00e9 par la chimie-pharmacie (deuxi\u00e8me estimation) &#8211; 03\/09\/2026 \u00e0 10:44"},"content":{"rendered":"<p>        <img decoding=\"async\" src=\"https:\/\/www.europesays.com\/ch-fr\/wp-content\/uploads\/2026\/09\/46357a93a1baa65cd257b64a3f79c862-760x507.jpg\" alt=\"( AFP \/ FABRICE COFFRINI )\" loading=\"eager\" fetchpriority=\"high\" width=\"760\" height=\"507\" style=\"max-width: 100%!important; height: auto;\"\/><\/p>\n<p class=\"c-image-news__legend\">( AFP \/ FABRICE COFFRINI )<\/p>\n<p>\n Le produit int\u00e9rieur brut (PIB) de la Suisse a acc\u00e9l\u00e9r\u00e9 au deuxi\u00e8me trimestre, grimpant de 1,5% dop\u00e9 par un rebond du secteur de la chimie et de la pharmacie, apr\u00e8s une croissance de 0,5% au premier trimestre, selon une seconde estimation jeudi du minist\u00e8re de l&rsquo;Economie.\n<\/p>\n<p>\n \u00ab\u00a0Il s&rsquo;agit de la plus forte croissance du PIB depuis le troisi\u00e8me trimestre 2021\u00a0\u00bb, a indiqu\u00e9 le minist\u00e8re dans un communiqu\u00e9, soulignant que \u00ab\u00a0la cr\u00e9ation de valeur a \u00e9galement progress\u00e9 dans de nombreuses autres branches\u00a0\u00bb dans l&rsquo;industrie.\n<\/p>\n<p>\n \u00ab\u00a0Apr\u00e8s un d\u00e9but d\u2019ann\u00e9e morose\u00a0\u00bb, la demande int\u00e9rieure est \u00e9galement repartie \u00e0 la hausse, se rapprochant \u00ab\u00a0de sa moyenne historique\u00a0\u00bb, a-t-il ajout\u00e9.\n<\/p>\n<p>\n Les d\u00e9penses de consommation priv\u00e9e ont connu \u00ab\u00a0une hausse modeste\u00a0\u00bb, remontant de 0,3% apr\u00e8s une quasi-stagnation durant les trois premiers mois de l&rsquo;ann\u00e9e.\n<\/p>\n<p>\n La croissance de la consommation a surtout \u00e9t\u00e9 port\u00e9e par \u00ab\u00a0les d\u00e9penses consacr\u00e9es \u00e0 la sant\u00e9, \u00e0 l\u2019alimentation ainsi qu&rsquo;\u00e0 l&rsquo;h\u00f4tellerie-restauration\u00a0\u00bb, a d\u00e9taill\u00e9 le minist\u00e8re, expliquant que les d\u00e9penses li\u00e9es aux transports, aux loisirs et \u00e0 la culture ont en revanche recul\u00e9.\n<\/p>\n<p>\n Mi-ao\u00fbt, le minist\u00e8re de l&rsquo;Economie avait d\u00e9j\u00e0 publi\u00e9 une premi\u00e8re estimation, \u00e9valuant alors la croissance \u00e0 1,5%. Il a cependant l\u00e9g\u00e8rement rehauss\u00e9 sa pr\u00e9c\u00e9dente estimation pour le premier trimestre,\u00e9valu\u00e9e auparavant \u00e0 0,4%.\n<\/p>\n<p>\n Au deuxi\u00e8me trimestre, \u00ab\u00a0l&rsquo;impulsion la plus soutenue est venue de l&rsquo;industrie chimico-pharmaceutique\u00a0\u00bb, a confirm\u00e9 le minist\u00e8re de l&rsquo;Economie dans son communiqu\u00e9.\n<\/p>\n<p>\n \u00ab\u00a0Apr\u00e8s une croissance faible, voire n\u00e9gative au cours des trimestres pr\u00e9c\u00e9dents\u00a0\u00bb, ce secteur qui p\u00e8se le plus lourd dans la balance commerciale, a connu \u00ab\u00a0un solide rebond\u00a0\u00bb de 10,5% gr\u00e2ce \u00e0 la hausse de ses exportations et des chiffres d\u2019affaires des entreprises du secteur, toujours selon le communiqu\u00e9.\n<\/p>\n<p>\n Le reste du secteur manufacturier, a enregistr\u00e9 une croissance plus \u00ab\u00a0mod\u00e9r\u00e9e\u00a0\u00bb, en hausse de 0,7%, avec des \u00ab\u00a0variations d&rsquo;une branche \u00e0 l\u2019autre\u00a0\u00bb, a aussi d\u00e9taill\u00e9 le minist\u00e8re.\n<\/p>\n<p>\n Le secteur des services a, quant \u00e0 lui, connu \u00ab\u00a0une progression mod\u00e9r\u00e9e mais g\u00e9n\u00e9ralis\u00e9e\u00a0\u00bb, en hausse de 0,7%.<\/p>\n","protected":false},"excerpt":{"rendered":"( AFP \/ FABRICE COFFRINI ) Le produit int\u00e9rieur brut (PIB) de la Suisse a acc\u00e9l\u00e9r\u00e9 au deuxi\u00e8me&hellip;\n","protected":false},"author":2,"featured_media":289414,"comment_status":"","ping_status":"","sticky":false,"template":"","format":"standard","meta":{"footnotes":"","_share_on_mastodon":"0"},"categories":[6],"tags":[48,46,56,45,53,44,43,51,50,47,52,49,23,54,55],"class_list":["post-289413","post","type-post","status-publish","format-standard","has-post-thumbnail","category-economie","tag-action-cac-40","tag-bourse-de-paris","tag-boursorama","tag-business","tag-cotations","tag-economie","tag-economy","tag-indices-devises","tag-investir","tag-investissement","tag-marche-boursier","tag-sicav","tag-suisse","tag-trackers","tag-warrants"],"share_on_mastodon":{"url":"https:\/\/pubeurope.com\/@ch_fr\/117206503222613897","error":""},"_links":{"self":[{"href":"https:\/\/www.europesays.com\/ch-fr\/wp-json\/wp\/v2\/posts\/289413","targetHints":{"allow":["GET"]}}],"collection":[{"href":"https:\/\/www.europesays.com\/ch-fr\/wp-json\/wp\/v2\/posts"}],"about":[{"href":"https:\/\/www.europesays.com\/ch-fr\/wp-json\/wp\/v2\/types\/post"}],"author":[{"embeddable":true,"href":"https:\/\/www.europesays.com\/ch-fr\/wp-json\/wp\/v2\/users\/2"}],"replies":[{"embeddable":true,"href":"https:\/\/www.europesays.com\/ch-fr\/wp-json\/wp\/v2\/comments?post=289413"}],"version-history":[{"count":0,"href":"https:\/\/www.europesays.com\/ch-fr\/wp-json\/wp\/v2\/posts\/289413\/revisions"}],"wp:featuredmedia":[{"embeddable":true,"href":"https:\/\/www.europesays.com\/ch-fr\/wp-json\/wp\/v2\/media\/289414"}],"wp:attachment":[{"href":"https:\/\/www.europesays.com\/ch-fr\/wp-json\/wp\/v2\/media?parent=289413"}],"wp:term":[{"taxonomy":"category","embeddable":true,"href":"https:\/\/www.europesays.com\/ch-fr\/wp-json\/wp\/v2\/categories?post=289413"},{"taxonomy":"post_tag","embeddable":true,"href":"https:\/\/www.europesays.com\/ch-fr\/wp-json\/wp\/v2\/tags?post=289413"}],"curies":[{"name":"wp","href":"https:\/\/api.w.org\/{rel}","templated":true}]}}