{"id":289417,"date":"2026-09-03T09:55:14","date_gmt":"2026-09-03T09:55:14","guid":{"rendered":"https:\/\/www.europesays.com\/ch-fr\/289417\/"},"modified":"2026-09-03T09:55:14","modified_gmt":"2026-09-03T09:55:14","slug":"la-ville-daigle-engage-le-chantier-de-transformation-de-son-centre","status":"publish","type":"post","link":"https:\/\/www.europesays.com\/ch-fr\/289417\/","title":{"rendered":"La Ville d\u2019Aigle engage le chantier de transformation de son centre"},"content":{"rendered":"<p>\n                Teaserbild-Quelle: Ville d&rsquo;Aigle\n            <\/p>\n<p>Apr\u00e8s<br \/>\ndes ann\u00e9es de tribulations et trois votes populaires, la Municipalit\u00e9 va<br \/>\npouvoir engager le chantier d\u2019am\u00e9lioration et de v\u00e9g\u00e9talisation du centre de la<br \/>\nlocalit\u00e9.\u00a0 Les travaux se d\u00e9rouleront en<br \/>\nquatre \u00e9tapes successives jusqu\u2019\u00e0 la fin de l\u2019ann\u00e9e prochaine.<\/p>\n<p>        <img decoding=\"async\" src=\"https:\/\/www.europesays.com\/ch-fr\/wp-content\/uploads\/2026\/09\/29317_1.jpg\" alt=\"Aigle place March\u00e9 3\" class=\"img-responsive\"\/><\/p>\n<p class=\"font-size-14 mt-2 mb-0\">Cr\u00e9dit image: Ville d&rsquo;Aigle<\/p>\n<p class=\"font-size-14 mb-4\">La Municipalit\u00e9 entamera la transformation de la place du March\u00e9 dans une ann\u00e9e.<\/p>\n<p>La<br \/>\ncontestation des projets de remodelage du centre d\u2019Aigle et de sa place du<br \/>\nMarch\u00e9 \u00e9tait \u00e0 l\u2019image de ses enjeux. La Municipalit\u00e9 a eu toutes les peines du<br \/>\nmonde \u00e0 faire admettre sa vision d\u2019un espace v\u00e9g\u00e9talis\u00e9 et plus pi\u00e9ton, tant<br \/>\nles oppositions \u00e9taient fortes. Finalement, apr\u00e8s l\u2019adoubement du projet par<br \/>\nles \u00e9lecteurs aiglons, les travaux vont commencer cet automne,<\/p>\n<p>Apr\u00e8s<br \/>\nl\u2019\u00e9chec d\u2019un premier projet, jug\u00e9 trop dispendieux, les autorit\u00e9s ex\u00e9cutives<br \/>\navaient revu leur copie pour pr\u00e9senter une version plus light, pour un montant<br \/>\nde quelque 6 millions de francs. C\u2019est cette mouture qui sera finalement<br \/>\nengag\u00e9e sur une dur\u00e9e de quelque 15 mois.<\/p>\n<p>Un chantier<br \/>\nrue par rue<br \/>Les travaux vont tout d\u2019abord se concentrer sur l\u2019avenue Chevron et son espace<br \/>\npi\u00e9ton, communique la Municipalit\u00e9. De nouvelles surfaces v\u00e9g\u00e9talis\u00e9es et des<br \/>\nplantations de nouveaux arbres c\u00f4toieront un mobilier urbain et un \u00e9clairage<br \/>\nrenouvel\u00e9. La deuxi\u00e8me \u00e9tape prolongera ces am\u00e9nagements sur la partie en<br \/>\ncirculation de l\u2019avenue. Ensuite, d\u00e8s l\u2019\u00e9t\u00e9 2027, ce sera le tour de la place<br \/>\ndu March\u00e9 de subir sa mue. La fin de l\u2019ann\u00e9e prochaine verra le chantier se d\u00e9placer<br \/>\nsur la rue Plantour. <\/p>\n<p>Le financement<br \/>\ndu projet b\u00e9n\u00e9ficiera aussi d\u2019un coup de pouce de la Mobili\u00e8re assurances, qui<br \/>\nsoutient des communes dans leur mise en \u0153uvre de villes-\u00e9ponges. Ces derniers entendent<br \/>\nrendre l\u2019espace urbanis\u00e9 plus vivable en att\u00e9nuant les effets du r\u00e9chauffement<br \/>\nclimatique. Aigle b\u00e9n\u00e9ficiera ainsi d\u2019une dynamique qui r\u00e9pond \u00e0 sa volont\u00e9 de r\u00e9duire<br \/>\nle trafic motoris\u00e9 dans son centre. <\/p>\n","protected":false},"excerpt":{"rendered":"Teaserbild-Quelle: Ville d&rsquo;Aigle Apr\u00e8s des ann\u00e9es de tribulations et trois votes populaires, la Municipalit\u00e9 va pouvoir engager le&hellip;\n","protected":false},"author":2,"featured_media":289418,"comment_status":"","ping_status":"","sticky":false,"template":"","format":"standard","meta":{"footnotes":"","_share_on_mastodon":"0"},"categories":[3],"tags":[3315,355,1163,4935,1162,23,1169,325],"class_list":["post-289417","post","type-post","status-publish","format-standard","has-post-thumbnail","category-suisse","tag-chantiers","tag-environnement","tag-gef_news","tag-paysagisme","tag-rub_projets","tag-suisse","tag-transformations","tag-vaud"],"share_on_mastodon":{"url":"https:\/\/pubeurope.com\/@ch_fr\/117206511258233727","error":""},"_links":{"self":[{"href":"https:\/\/www.europesays.com\/ch-fr\/wp-json\/wp\/v2\/posts\/289417","targetHints":{"allow":["GET"]}}],"collection":[{"href":"https:\/\/www.europesays.com\/ch-fr\/wp-json\/wp\/v2\/posts"}],"about":[{"href":"https:\/\/www.europesays.com\/ch-fr\/wp-json\/wp\/v2\/types\/post"}],"author":[{"embeddable":true,"href":"https:\/\/www.europesays.com\/ch-fr\/wp-json\/wp\/v2\/users\/2"}],"replies":[{"embeddable":true,"href":"https:\/\/www.europesays.com\/ch-fr\/wp-json\/wp\/v2\/comments?post=289417"}],"version-history":[{"count":0,"href":"https:\/\/www.europesays.com\/ch-fr\/wp-json\/wp\/v2\/posts\/289417\/revisions"}],"wp:featuredmedia":[{"embeddable":true,"href":"https:\/\/www.europesays.com\/ch-fr\/wp-json\/wp\/v2\/media\/289418"}],"wp:attachment":[{"href":"https:\/\/www.europesays.com\/ch-fr\/wp-json\/wp\/v2\/media?parent=289417"}],"wp:term":[{"taxonomy":"category","embeddable":true,"href":"https:\/\/www.europesays.com\/ch-fr\/wp-json\/wp\/v2\/categories?post=289417"},{"taxonomy":"post_tag","embeddable":true,"href":"https:\/\/www.europesays.com\/ch-fr\/wp-json\/wp\/v2\/tags?post=289417"}],"curies":[{"name":"wp","href":"https:\/\/api.w.org\/{rel}","templated":true}]}}