{"id":289439,"date":"2026-09-03T10:18:07","date_gmt":"2026-09-03T10:18:07","guid":{"rendered":"https:\/\/www.europesays.com\/ch-fr\/289439\/"},"modified":"2026-09-03T10:18:07","modified_gmt":"2026-09-03T10:18:07","slug":"lausanne-sport-engage-le-defenseur-etienne-youte-kinkoue","status":"publish","type":"post","link":"https:\/\/www.europesays.com\/ch-fr\/289439\/","title":{"rendered":"Lausanne-Sport engage le d\u00e9fenseur Etienne Yout\u00e9 Kinkou\u00e9"},"content":{"rendered":"<p>Le LS se renforce en d\u00e9fense. Le club vaudois, qui a perdu Tyler Fredricson pour quatre mois, a sign\u00e9 jusqu&rsquo;en 2029 le d\u00e9fenseur fran\u00e7ais de 24 ans Etienne Yout\u00e9 Kinkou\u00e9.<\/p>\n<p>N\u00e9 \u00e0 Lyon, il a \u00e9t\u00e9 form\u00e9 \u00e0 Troyes et \u00e0 l&rsquo;Inter Milan. Il est ensuite pass\u00e9 par l&rsquo;Olympiakos, puis Le Havre o\u00f9 il a notamment eu comme entra\u00eeneur Luka Elsner, l&rsquo;actuel coach des Vaudois. La saison derni\u00e8re a cependant \u00e9t\u00e9 plus difficile en raison d&rsquo;une blessure.<\/p>\n<p class=\"sources\">ats\/tai<\/p>\n","protected":false},"excerpt":{"rendered":"Le LS se renforce en d\u00e9fense. Le club vaudois, qui a perdu Tyler Fredricson pour quatre mois, a&hellip;\n","protected":false},"author":2,"featured_media":289440,"comment_status":"","ping_status":"","sticky":false,"template":"","format":"standard","meta":{"footnotes":"","_share_on_mastodon":"0"},"categories":[19],"tags":[996,182,177,38445,186,23,188,52647],"class_list":["post-289439","post","type-post","status-publish","format-standard","has-post-thumbnail","category-lausanne","tag-club","tag-football","tag-lausanne","tag-luka-elsner","tag-sport","tag-suisse","tag-super-league","tag-tyler-fredricson"],"share_on_mastodon":{"url":"https:\/\/pubeurope.com\/@ch_fr\/117206601111921867","error":""},"_links":{"self":[{"href":"https:\/\/www.europesays.com\/ch-fr\/wp-json\/wp\/v2\/posts\/289439","targetHints":{"allow":["GET"]}}],"collection":[{"href":"https:\/\/www.europesays.com\/ch-fr\/wp-json\/wp\/v2\/posts"}],"about":[{"href":"https:\/\/www.europesays.com\/ch-fr\/wp-json\/wp\/v2\/types\/post"}],"author":[{"embeddable":true,"href":"https:\/\/www.europesays.com\/ch-fr\/wp-json\/wp\/v2\/users\/2"}],"replies":[{"embeddable":true,"href":"https:\/\/www.europesays.com\/ch-fr\/wp-json\/wp\/v2\/comments?post=289439"}],"version-history":[{"count":0,"href":"https:\/\/www.europesays.com\/ch-fr\/wp-json\/wp\/v2\/posts\/289439\/revisions"}],"wp:featuredmedia":[{"embeddable":true,"href":"https:\/\/www.europesays.com\/ch-fr\/wp-json\/wp\/v2\/media\/289440"}],"wp:attachment":[{"href":"https:\/\/www.europesays.com\/ch-fr\/wp-json\/wp\/v2\/media?parent=289439"}],"wp:term":[{"taxonomy":"category","embeddable":true,"href":"https:\/\/www.europesays.com\/ch-fr\/wp-json\/wp\/v2\/categories?post=289439"},{"taxonomy":"post_tag","embeddable":true,"href":"https:\/\/www.europesays.com\/ch-fr\/wp-json\/wp\/v2\/tags?post=289439"}],"curies":[{"name":"wp","href":"https:\/\/api.w.org\/{rel}","templated":true}]}}