{"id":289441,"date":"2026-09-03T10:23:13","date_gmt":"2026-09-03T10:23:13","guid":{"rendered":"https:\/\/www.europesays.com\/ch-fr\/289441\/"},"modified":"2026-09-03T10:23:13","modified_gmt":"2026-09-03T10:23:13","slug":"lannexion-du-quebec-aux-etats-unis-au-coeur-dun-polar-noir-troublant","status":"publish","type":"post","link":"https:\/\/www.europesays.com\/ch-fr\/289441\/","title":{"rendered":"L&rsquo;annexion du Qu\u00e9bec aux \u00c9tats-Unis au coeur d&rsquo;un polar noir troublant"},"content":{"rendered":"<p class=\"1_12_tx_courant\">Dans son nouveau roman 51e\u00a0: Canada 2038, Herv\u00e9 Gagnon plonge les lecteurs dans un futur plausible et troublant marqu\u00e9 par l\u2019annexion du Qu\u00e9bec et d\u2019une partie du Canada aux \u00c9tats-Unis. M\u00ealant suspense politique, enqu\u00eate polici\u00e8re et anticipation, l\u2019historien et romancier qu\u00e9b\u00e9cois livre une dystopie aussi captivante que d\u00e9rangeante. Rencontre.<\/p>\n<p>\t<a data-fancybox=\"photo\" data-type=\"image\" href=\"https:\/\/www.europesays.com\/ch-fr\/wp-content\/uploads\/2026\/09\/4_PAROLES_Herve_Gagnon_Martine_Doyon_0169923bb38382-0c82-449b-8d98-9770a7741e43_ORIGINAL.jpg\" data-caption=\"Herv\u00e9 Gagnon\"><\/p>\n<p>            <img decoding=\"async\" class=\"lazyload\" src=\"https:\/\/www.europesays.com\/ch-fr\/wp-content\/uploads\/2026\/09\/4_PAROLES_Herve_Gagnon_Martine_Doyon_0169923bb38382-0c82-449b-8d98-9770a7741e43_ORIGINAL.jpg\" alt=\"Herv\u00e9 Gagnon\"\/><\/p>\n<p>\t<\/a><\/p>\n<p class=\"photo-credit\">Martine Doyon<\/p>\n<p class=\"toreadalso-fromEMP\">\u2022 \u00c0 lire aussi\u00a0: <a href=\"https:\/\/www.7jours.ca\/2026\/08\/20\/comment-lise-dion-prend-soin-de-son-cur\" target=\"d9d9a42a-5602-4801-bebc-2a07f67dbf8c\" rel=\"nofollow noopener\">Comment Lise Dion prend soin de son c\u0153ur&#8230;<\/a><\/p>\n<p class=\"toreadalso-fromEMP\">\u2022 \u00c0 lire aussi\u00a0: <a href=\"https:\/\/www.7jours.ca\/2026\/08\/27\/pierre-yves-mcsween-revele-sa-plus-grande-peur-et-la-reponse-surprend\" target=\"956ae477-32a7-4c03-a75e-e408e1a51bab\" rel=\"nofollow noopener\">Pierre-Yves McSween r\u00e9v\u00e8le sa plus grande peur et la r\u00e9ponse surprend<\/a><\/p>\n<p class=\"1_12_tx_courant\">M.\u00a0Herv\u00e9 Gagnon, comment d\u00e9cririez-vous l\u2019ambiance dans laquelle s\u2019appr\u00eatent \u00e0 plonger les lecteurs et lectrices de votre roman\u00a0?<\/p>\n<p class=\"1_12_tx_courant\">En un mot, je dirais \u00ab\u00a0anxiog\u00e8ne\u00a0\u00bb. Ce qui effraie vraiment le lecteur est ce qui pourrait se produire si quelques conditions \u00e9taient chang\u00e9es. Je crois avoir cr\u00e9\u00e9 un monde plausible dans le contexte actuel, o\u00f9 le 51e \u00c9tat est peut-\u00eatre plus que la posture rh\u00e9torique d\u2019un esprit d\u00e9rang\u00e9. J\u2019ai fait un pas de plus et je me suis demand\u00e9 \u00ab\u00a0la vie serait comment\u00a0?\u00a0\u00bb. Le portrait est glauque et d\u00e9primant. J\u2019ai r\u00e9alis\u00e9 \u00e0 quel point il serait facile de nous soumettre, puis de nous effacer.<\/p>\n<p>\t<a data-fancybox=\"photo\" data-type=\"image\" href=\"https:\/\/www.europesays.com\/ch-fr\/wp-content\/uploads\/2026\/09\/Couverture_livre_51e_Canada_Alire9ee287f9-de38-47ab-a122-788f758f79d6_ORIGINAL.jpg\"><\/p>\n<p>            <img decoding=\"async\" class=\"lazyload\" src=\"https:\/\/www.europesays.com\/ch-fr\/wp-content\/uploads\/2026\/09\/Couverture_livre_51e_Canada_Alire9ee287f9-de38-47ab-a122-788f758f79d6_ORIGINAL.jpg\" alt=\"\"\/><\/p>\n<p>\t<\/a><\/p>\n<p style=\"text-align:center;\"><a href=\"https:\/\/www.leslibraires.ca\/livres\/51e-canada-2038-9782898351150?a=1224\" target=\"_blank\" rel=\"nofollow noopener\">ACHETEZ CE ROMAN TROUBLANT ICI<\/a><\/p>\n<p class=\"1_12_tx_courant\">Qu\u2019est-ce qui vous a donn\u00e9 envie d\u2019imaginer ce futur pour le Canada et d\u2019en faire un roman\u00a0?<\/p>\n<p class=\"1_12_tx_courant\">Ce n\u2019est pas l\u2019envie, mais bien la peur qui m\u2019a motiv\u00e9. Je me suis r\u00e9veill\u00e9 un matin avec un besoin pressant d\u2019\u00e9crire ce roman, tout en sachant que le voyage n\u2019aiderait pas forc\u00e9ment \u00e0 calmer mon anxi\u00e9t\u00e9. Je suis historien et, de ce fait, je connais les grandes tendances qui annoncent un changement. Je sais surtout qu\u2019historiquement, on a le plus souvent refus\u00e9 de les voir. J\u2019ai simplement appliqu\u00e9 la grille au pr\u00e9sent.<\/p>\n<p class=\"1_12_tx_courant\">Croyez-vous qu\u2019\u00e9voquer le pire pourrait nous aider \u00e0 mieux pr\u00e9parer l\u2019avenir\u00a0?<\/p>\n<p class=\"1_12_tx_courant\">L\u2019historien r\u00e9pondra ici qu\u2019il n\u2019a jamais rencontr\u00e9 de cas o\u00f9 l\u2019\u00eatre humain a vraiment fait une telle d\u00e9marche de pr\u00e9paration. Nous avons un talent particulier pour l\u2019aveuglement volontaire et les neurosciences ont d\u00e9montr\u00e9 que notre cerveau finit par s\u2019habituer \u00e0 l\u2019inconfort et au danger. Qui sait\u00a0? Peut-\u00eatre que le r\u00e9alisme de 51e servira-t-il \u00e0 secouer les lecteurs\u00a0? Mais une fois secou\u00e9s, que pourront-ils faire\u00a0? Absolument rien. Ils seront plus lucides et tout aussi vuln\u00e9rables. Nous demeurons tous \u00e0 la merci des sautes d\u2019humeur d\u2019un pr\u00e9dateur instable et narcissique pour qui exister \u00e9gale poss\u00e9der et dominer, et nous d\u00e9pendons de nos politiciens mal \u00e9quip\u00e9s pour \u00e9viter le pire. Au moins, \u00e9crire tout le mal que je pense de l\u2019\u00eatre aura \u00e9t\u00e9 th\u00e9rapeutique\u00a0!<\/p>\n<p class=\"1_12_tx_courant\">Quelles le\u00e7ons tirer de l\u2019histoire pour imaginer les d\u00e9rives \u00e9voqu\u00e9es dans votre roman\u00a0?<\/p>\n<p class=\"1_12_tx_courant\">En fait, je me suis beaucoup inspir\u00e9 des premiers moments du IIIe Reich, alors qu\u2019Hitler envahissait un territoire par-ci, un autre par-l\u00e0, sans jamais d\u00e9clarer la guerre. Il s\u2019installait tout simplement, et chaque geste \u00e9tait juste assez modeste pour ne pas susciter trop d\u2019indignation en Europe. C\u2019est un peu comme \u00e7a que j\u2019imagine Trump s\u2019installer au Canada, au Groenland et \u00e0 Cuba. Dans chaque cas, le territoire envahi n\u2019a pas la capacit\u00e9 de le repousser et devra esp\u00e9rer le moins pire.<\/p>\n<p><a href=\"https:\/\/www.7jours.ca\/infolettre\" _blank=\"\" rel=\"nofollow noopener\" target=\"_blank\"><br \/>\n    <img decoding=\"async\" src=\"https:\/\/www.europesays.com\/ch-fr\/wp-content\/uploads\/2026\/09\/1788430993_990_Infolettre_7j_1_18d5d37fd-7548-45f6-98db-3e47e5754324_ORIGINAL.jpg\" class=\"logoJe\"\/><br \/>\n<\/a><\/p>\n<p class=\"1_12_tx_courant\">Foley, votre enqu\u00eateur, d\u00e9montre une certaine empathie pour le FLQ, m\u00eame s\u2019il doit essayer de l\u2019arr\u00eater. \u00c9tait-il important pour vous que votre personnage soit nuanc\u00e9 de la sorte\u00a0?<\/p>\n<p class=\"1_12_tx_courant\">Absolument, car il suffira d\u2019une ou deux g\u00e9n\u00e9rations pour que le Qu\u00e9bec francophone oublie ce qu\u2019il a \u00e9t\u00e9 avant. Nous sommes d\u00e9j\u00e0 en position minoritaire. Il est facile d\u2019imaginer que l\u2019acculturation se fera \u00e0 grande vitesse. Il faudrait quelques d\u00e9cennies \u00e0 peine pour que seulement les plus vieux se souviennent encore du monde d\u2019avant, surtout si toutes les r\u00e9f\u00e9rences \u00e0 ce monde ont \u00e9t\u00e9 censur\u00e9es. J\u2019avais besoin que mon personnage soit l\u2019un de ceux-l\u00e0, qu\u2019il soit d\u00e9chir\u00e9 entre sa fonction polici\u00e8re et sa sympathie pour la r\u00e9sistance, qu\u2019il ait encore un peu le go\u00fbt de se battre.<\/p>\n<p class=\"1_12_tx_courant\">Votre roman est-il un signal d\u2019alarme ou une exag\u00e9ration\u00a0?<\/p>\n<p class=\"1_12_tx_courant\">Je l\u2019ignore. Mais je sais, en revanche, qu\u2019\u00e0 sa sortie La Servante \u00e9carlate d\u2019Atwood \u00e9tait consid\u00e9r\u00e9e comme une simple fiction. Et nous voil\u00e0 presque voisins de Gilead. Alors, disons que 51e est un avertissement.<\/p>\n<p class=\"1_12_tx_courant\"><a href=\"https:\/\/www.leslibraires.ca\/livres\/51e-canada-2038-9782898351150?a=1224\" target=\"_self\" rel=\"nofollow noopener\">Le polar noir 51e\u00a0: Canada 2038 sera en librairie d\u00e8s le 11 septembre.<\/a><\/p>\n<p>\t<a data-fancybox=\"photo\" data-type=\"image\" href=\"https:\/\/www.europesays.com\/ch-fr\/wp-content\/uploads\/2026\/09\/Couverture_livre_51e_Canada_Alire9ee287f9-de38-47ab-a122-788f758f79d6_ORIGINAL.jpg\"><\/p>\n<p>            <img decoding=\"async\" class=\"lazyload\" src=\"https:\/\/www.europesays.com\/ch-fr\/wp-content\/uploads\/2026\/09\/Couverture_livre_51e_Canada_Alire9ee287f9-de38-47ab-a122-788f758f79d6_ORIGINAL.jpg\" alt=\"\"\/><\/p>\n<p>\t<\/a><\/p>\n<p style=\"text-align:center;\"><a href=\"https:\/\/www.leslibraires.ca\/livres\/51e-canada-2038-9782898351150?a=1224\" target=\"_blank\" rel=\"nofollow noopener\">COMMANDEZ CE ROMAN D\u00c9RANGEANT ICI<\/a><\/p>\n<p class=\"toreadalso-fromEMP\">\u2022 \u00c0 lire aussi\u00a0: <a href=\"https:\/\/www.7jours.ca\/2026\/08\/31\/joselito-michaud-revient-a-la-tele-avec-un-projet-tres-personnel\" target=\"901cb6ce-2228-47ed-9fd2-11111bb3a53f\" rel=\"nofollow noopener\">Jos\u00e9lito Michaud revient \u00e0 la t\u00e9l\u00e9 avec un projet tr\u00e8s personnel<\/a><\/p>\n<p class=\"toreadalso-fromEMP\">\u2022 \u00c0 lire aussi\u00a0: <a href=\"https:\/\/www.7jours.ca\/2026\/08\/30\/steph-carse-nous-raconte-comment-il-a-rencontre-la-femme-de-sa-vie\" target=\"015cb6a1-48f6-4334-ac1e-03bc879056df\" rel=\"nofollow noopener\">Steph Carse nous raconte comment il a rencontr\u00e9 la femme de sa vie<\/a><\/p>\n","protected":false},"excerpt":{"rendered":"Dans son nouveau roman 51e\u00a0: Canada 2038, Herv\u00e9 Gagnon plonge les lecteurs dans un futur plausible et troublant&hellip;\n","protected":false},"author":2,"featured_media":289442,"comment_status":"","ping_status":"","sticky":false,"template":"","format":"standard","meta":{"footnotes":"","_share_on_mastodon":"0"},"categories":[15],"tags":[158,157,113,112,159,23],"class_list":["post-289441","post","type-post","status-publish","format-standard","has-post-thumbnail","category-people","tag-celebrities","tag-celebrity","tag-divertissement","tag-entertainment","tag-people","tag-suisse"],"share_on_mastodon":{"url":"https:\/\/pubeurope.com\/@ch_fr\/117206621207515171","error":""},"_links":{"self":[{"href":"https:\/\/www.europesays.com\/ch-fr\/wp-json\/wp\/v2\/posts\/289441","targetHints":{"allow":["GET"]}}],"collection":[{"href":"https:\/\/www.europesays.com\/ch-fr\/wp-json\/wp\/v2\/posts"}],"about":[{"href":"https:\/\/www.europesays.com\/ch-fr\/wp-json\/wp\/v2\/types\/post"}],"author":[{"embeddable":true,"href":"https:\/\/www.europesays.com\/ch-fr\/wp-json\/wp\/v2\/users\/2"}],"replies":[{"embeddable":true,"href":"https:\/\/www.europesays.com\/ch-fr\/wp-json\/wp\/v2\/comments?post=289441"}],"version-history":[{"count":0,"href":"https:\/\/www.europesays.com\/ch-fr\/wp-json\/wp\/v2\/posts\/289441\/revisions"}],"wp:featuredmedia":[{"embeddable":true,"href":"https:\/\/www.europesays.com\/ch-fr\/wp-json\/wp\/v2\/media\/289442"}],"wp:attachment":[{"href":"https:\/\/www.europesays.com\/ch-fr\/wp-json\/wp\/v2\/media?parent=289441"}],"wp:term":[{"taxonomy":"category","embeddable":true,"href":"https:\/\/www.europesays.com\/ch-fr\/wp-json\/wp\/v2\/categories?post=289441"},{"taxonomy":"post_tag","embeddable":true,"href":"https:\/\/www.europesays.com\/ch-fr\/wp-json\/wp\/v2\/tags?post=289441"}],"curies":[{"name":"wp","href":"https:\/\/api.w.org\/{rel}","templated":true}]}}