{"id":289459,"date":"2026-09-03T10:39:15","date_gmt":"2026-09-03T10:39:15","guid":{"rendered":"https:\/\/www.europesays.com\/ch-fr\/289459\/"},"modified":"2026-09-03T10:39:15","modified_gmt":"2026-09-03T10:39:15","slug":"litiere-pour-chats-vaud-et-geneve-lancent-une-campagne-pour-le-vegetal","status":"publish","type":"post","link":"https:\/\/www.europesays.com\/ch-fr\/289459\/","title":{"rendered":"Liti\u00e8re pour chats: Vaud et Gen\u00e8ve lancent une campagne pour le v\u00e9g\u00e9tal"},"content":{"rendered":"\n<p>        \u2013   <\/p>\n<p> Vaud et Gen\u00e8ve veulent convertir les chats \u00e0 la liti\u00e8re v\u00e9g\u00e9tale <\/p>\n<p class=\"lead regular externalicon-big astro-odojtzmo\"> La liti\u00e8re min\u00e9rale produit des r\u00e9sidus polluants. Deux cantons romands veulent encourager l\u2019utilisation de liti\u00e8re v\u00e9g\u00e9tale.  <\/p>\n<p>   <img loading=\"lazy\" decoding=\"async\" src=\"https:\/\/www.europesays.com\/ch-fr\/wp-content\/uploads\/2026\/09\/1788431954_213_1mb_yb18aygB-8Lk4vWq7v.jpg\"  width=\"100\" height=\"100\"  alt=\"Laure Schmidt\" class=\"AuthorImage -content-head authorimage astro-ivm7rlur astro-uymtm5hg\" style=\"background-color:#6B6B6B\"\/>         Publi\u00e9 aujourd\u2019hui \u00e0 12h03                           LinkedIn Lien copi\u00e9 Error occurred        Facebook Lien copi\u00e9 Error occurred        X Lien copi\u00e9 Error occurred           E-mail Lien copi\u00e9 Error occurred        Copier le lien Lien copi\u00e9 Error occurred                    <img decoding=\"async\" loading=\"eager\" fetchpriority=\"high\" src=\"https:\/\/www.europesays.com\/ch-fr\/wp-content\/uploads\/2026\/09\/AwRKjDsaKQc8--mYQ99NC0.jpg\" data-image-url=\"https:\/\/www.europesays.com\/ch-fr\/wp-content\/uploads\/2026\/09\/AwRKjDsaKQc8--mYQ99NC0.jpg\" alt=\"Chat domestique blanc et roux entrant dans sa liti\u00e8re verte et beige, queue lev\u00e9e, sur un parquet clair devant un mur en briques grises.\" title=\"Chat domestique blanc et roux entrant dans sa liti\u00e8re verte et beige, queue lev\u00e9e, sur un parquet clair devant un mur en briques grises.\" class=\"ResponsiveImage responsive-image astro-xbt4piv4\" style=\"background-color:#A1968E\" onload=\"this.style.backgroundColor = &quot;transparent&quot;\"\/>           <\/p>\n<p>Gen\u00e8ve et Vaud veulent encourager les propri\u00e9taires de chats \u00e0 utiliser une liti\u00e8re v\u00e9g\u00e9tale.<\/p>\n<p>IMAGO\/Pond5 Images<\/p>\n<p class=\"astro-gkn4pfbc articleParagraph externalicon-big focus _content-width article-element astro-bqhs6jcx\">Les cantons de Vaud et de Gen\u00e8ve lancent une campagne de sensibilisation pour encourager les propri\u00e9taires de chats \u00e0 passer de la <a class=\"noExternalIcon astro-bqhs6jcx\" target=\"_self\" href=\"https:\/\/www.24heures.ch\/chats-la-suisse-pourrait-interdire-la-litiere-minerale-365420606036\" data-article-link=\"https:\/\/www.24heures.ch\/chats-la-suisse-pourrait-interdire-la-litiere-minerale-365420606036\" rel=\"nofollow noopener\">liti\u00e8re<\/a> min\u00e9rale \u00e0 la liti\u00e8re v\u00e9g\u00e9tale, dans un <a class=\" astro-bqhs6jcx\" target=\"_blank\" rel=\"noopener noreferrer nofollow\" href=\"https:\/\/www.ge.ch\/document\/litiere-chats-lancement-campagne-sensibilisation-dans-cantons-vaud-geneve\" data-article-link=\"https:\/\/www.ge.ch\/document\/litiere-chats-lancement-campagne-sensibilisation-dans-cantons-vaud-geneve\">communiqu\u00e9<\/a> conjoint diffus\u00e9 ce jeudi. Ce changement pourrait r\u00e9duire significativement la quantit\u00e9 de d\u00e9chets enfouis dans les d\u00e9charges.<\/p>\n<p class=\"astro-gkn4pfbc articleParagraph externalicon-big focus _content-width article-element astro-bqhs6jcx\">En Suisse, 90\u2019000 tonnes de liti\u00e8re de chat sont en effet jet\u00e9es chaque ann\u00e9e, majoritairement compos\u00e9es de bentonite, un mat\u00e9riau qui finit dans les m\u00e2chefers, les r\u00e9sidus solides de l\u2019incin\u00e9ration. Ces m\u00e2chefers, qui repr\u00e9sentent environ 500\u2019000 tonnes par an, saturent les d\u00e9charges.<\/p>\n<p> La Migros offre des rabais<\/p>\n<p class=\"astro-gkn4pfbc articleParagraph externalicon-big focus _content-width article-element astro-bqhs6jcx\">La liti\u00e8re v\u00e9g\u00e9tale est, elle, compos\u00e9e de mat\u00e9riaux tels que les copeaux de bois ou le papier recycl\u00e9 et se consume presque enti\u00e8rement lors de l\u2019incin\u00e9ration. Elle pr\u00e9sente plusieurs avantages suppl\u00e9mentaires: elle d\u00e9gage moins de poussi\u00e8re, est plus l\u00e9g\u00e8re \u00e0 porter et sans additifs toxiques et offre une meilleure absorption de l\u2019humidit\u00e9.<\/p>\n<p class=\"astro-renx2bdu astro-bqhs6jcx\">Vous avez un chat? Quel type de liti\u00e8re utilisez-vous?<\/p>\n<p class=\"astro-gkn4pfbc articleParagraph externalicon-big focus _content-width article-element astro-bqhs6jcx\">Dans le canton de Vaud, cette initiative est men\u00e9e via le site <a class=\" astro-bqhs6jcx\" target=\"_blank\" rel=\"noopener noreferrer nofollow\" href=\"http:\/\/responsables.ch\/\" data-article-link=\"http:\/\/responsables.ch\/\">responsables.ch<\/a>, en lien avec divers organismes de gestion des d\u00e9chets. La campagne inclut des affiches, des flyers et des informations en ligne. \u00c0 Gen\u00e8ve, c\u2019est le D\u00e9partement du territoire qui s\u2019en charge. Les deux cantons utilisent des cabinets v\u00e9t\u00e9rinaires et les r\u00e9seaux sociaux pour diffuser le message. Des initiatives compl\u00e9mentaires sont mises en \u0153uvre par le programme SIG-\u00e9co 21 et Migros, offrant des rabais sur les liti\u00e8res v\u00e9g\u00e9tales dans les deux cantons, en parall\u00e8le de la campagne principale.<\/p>\n<p class=\"boxtitle astro-hwrdf5ss astro-bqhs6jcx\">Sur les liti\u00e8res pour chats<\/p>\n","protected":false},"excerpt":{"rendered":"\u2013 Vaud et Gen\u00e8ve veulent convertir les chats \u00e0 la liti\u00e8re v\u00e9g\u00e9tale La liti\u00e8re min\u00e9rale produit des r\u00e9sidus&hellip;\n","protected":false},"author":2,"featured_media":289460,"comment_status":"","ping_status":"","sticky":false,"template":"","format":"standard","meta":{"footnotes":"","_share_on_mastodon":"0"},"categories":[17],"tags":[195,170,169,6287,37,194,23],"class_list":["post-289459","post","type-post","status-publish","format-standard","has-post-thumbnail","category-geneve","tag-content-en-continu","tag-geneva","tag-geneve","tag-service","tag-stats-seo","tag-stats-seo-trends","tag-suisse"],"share_on_mastodon":{"url":"https:\/\/pubeurope.com\/@ch_fr\/117206684284784203","error":""},"_links":{"self":[{"href":"https:\/\/www.europesays.com\/ch-fr\/wp-json\/wp\/v2\/posts\/289459","targetHints":{"allow":["GET"]}}],"collection":[{"href":"https:\/\/www.europesays.com\/ch-fr\/wp-json\/wp\/v2\/posts"}],"about":[{"href":"https:\/\/www.europesays.com\/ch-fr\/wp-json\/wp\/v2\/types\/post"}],"author":[{"embeddable":true,"href":"https:\/\/www.europesays.com\/ch-fr\/wp-json\/wp\/v2\/users\/2"}],"replies":[{"embeddable":true,"href":"https:\/\/www.europesays.com\/ch-fr\/wp-json\/wp\/v2\/comments?post=289459"}],"version-history":[{"count":0,"href":"https:\/\/www.europesays.com\/ch-fr\/wp-json\/wp\/v2\/posts\/289459\/revisions"}],"wp:featuredmedia":[{"embeddable":true,"href":"https:\/\/www.europesays.com\/ch-fr\/wp-json\/wp\/v2\/media\/289460"}],"wp:attachment":[{"href":"https:\/\/www.europesays.com\/ch-fr\/wp-json\/wp\/v2\/media?parent=289459"}],"wp:term":[{"taxonomy":"category","embeddable":true,"href":"https:\/\/www.europesays.com\/ch-fr\/wp-json\/wp\/v2\/categories?post=289459"},{"taxonomy":"post_tag","embeddable":true,"href":"https:\/\/www.europesays.com\/ch-fr\/wp-json\/wp\/v2\/tags?post=289459"}],"curies":[{"name":"wp","href":"https:\/\/api.w.org\/{rel}","templated":true}]}}