{"id":289471,"date":"2026-09-03T10:51:15","date_gmt":"2026-09-03T10:51:15","guid":{"rendered":"https:\/\/www.europesays.com\/ch-fr\/289471\/"},"modified":"2026-09-03T10:51:15","modified_gmt":"2026-09-03T10:51:15","slug":"pommes-de-terre-la-recolte-chute-de-20-en-suisse","status":"publish","type":"post","link":"https:\/\/www.europesays.com\/ch-fr\/289471\/","title":{"rendered":"Pommes de terre : la r\u00e9colte chute de 20% en Suisse"},"content":{"rendered":"\n<p>La r\u00e9colte suisse de pommes de terre atteint 333&rsquo;000 tonnes, soit 20% de moins que la moyenne des six derni\u00e8res ann\u00e9es.La Suisse a d\u00fb importer 130&rsquo;000 tonnes de pommes de terre pour compenser ce d\u00e9ficit historique li\u00e9 \u00e0 la canicule.Les prix en magasin pourraient augmenter, mais aucune p\u00e9nurie n&rsquo;est \u00e0 craindre pour les consommateurs et l&rsquo;industrie.Swisspatat demande \u00e0 la Conf\u00e9d\u00e9ration de soutenir de nouvelles vari\u00e9t\u00e9s r\u00e9sistantes et un meilleur acc\u00e8s \u00e0 l&rsquo;eau.<\/p>\n<p>Ce r\u00e9sum\u00e9 a-t-il \u00e9t\u00e9 utile ?<\/p>\n<p>    \u2139\ufe0f R\u00e9sum\u00e9 propos\u00e9 par l&rsquo;IA et valid\u00e9 par nos journalistes. <a class=\"article-summary-info__link\" href=\"https:\/\/www.rts.ch\/entreprise\/2025\/article\/charte-sur-l-utilisation-de-l-ia-a-la-rts-29020587.html\" rel=\"nofollow noopener\" target=\"_blank\">En savoir plus<\/a>  <\/p>\n<p> Masquer  <\/p>\n","protected":false},"excerpt":{"rendered":"La r\u00e9colte suisse de pommes de terre atteint 333&rsquo;000 tonnes, soit 20% de moins que la moyenne des&hellip;\n","protected":false},"author":2,"featured_media":289472,"comment_status":"","ping_status":"","sticky":false,"template":"","format":"standard","meta":{"footnotes":"","_share_on_mastodon":"0"},"categories":[6],"tags":[242,45,15329,13898,1087,44,344,43,1773,22650,9282,63017,2150,23],"class_list":["post-289471","post","type-post","status-publish","format-standard","has-post-thumbnail","category-economie","tag-agriculture","tag-business","tag-canicule","tag-chaleur","tag-distribution","tag-economie","tag-economie-et-finances","tag-economy","tag-macro-economie","tag-marche-des-matieres-premieres","tag-marches","tag-marches-agricoles","tag-organisation","tag-suisse"],"share_on_mastodon":{"url":"https:\/\/pubeurope.com\/@ch_fr\/117206730996735208","error":""},"_links":{"self":[{"href":"https:\/\/www.europesays.com\/ch-fr\/wp-json\/wp\/v2\/posts\/289471","targetHints":{"allow":["GET"]}}],"collection":[{"href":"https:\/\/www.europesays.com\/ch-fr\/wp-json\/wp\/v2\/posts"}],"about":[{"href":"https:\/\/www.europesays.com\/ch-fr\/wp-json\/wp\/v2\/types\/post"}],"author":[{"embeddable":true,"href":"https:\/\/www.europesays.com\/ch-fr\/wp-json\/wp\/v2\/users\/2"}],"replies":[{"embeddable":true,"href":"https:\/\/www.europesays.com\/ch-fr\/wp-json\/wp\/v2\/comments?post=289471"}],"version-history":[{"count":0,"href":"https:\/\/www.europesays.com\/ch-fr\/wp-json\/wp\/v2\/posts\/289471\/revisions"}],"wp:featuredmedia":[{"embeddable":true,"href":"https:\/\/www.europesays.com\/ch-fr\/wp-json\/wp\/v2\/media\/289472"}],"wp:attachment":[{"href":"https:\/\/www.europesays.com\/ch-fr\/wp-json\/wp\/v2\/media?parent=289471"}],"wp:term":[{"taxonomy":"category","embeddable":true,"href":"https:\/\/www.europesays.com\/ch-fr\/wp-json\/wp\/v2\/categories?post=289471"},{"taxonomy":"post_tag","embeddable":true,"href":"https:\/\/www.europesays.com\/ch-fr\/wp-json\/wp\/v2\/tags?post=289471"}],"curies":[{"name":"wp","href":"https:\/\/api.w.org\/{rel}","templated":true}]}}