{"id":289511,"date":"2026-09-03T11:22:11","date_gmt":"2026-09-03T11:22:11","guid":{"rendered":"https:\/\/www.europesays.com\/ch-fr\/289511\/"},"modified":"2026-09-03T11:22:11","modified_gmt":"2026-09-03T11:22:11","slug":"camping-paradis-coups-de-coeur-au-paradis-s17e04-lundi-31-aout-2026-sur-tf1-resume-et-diffusions","status":"publish","type":"post","link":"https:\/\/www.europesays.com\/ch-fr\/289511\/","title":{"rendered":"Camping Paradis, Coups de coeur au Paradis S17E04 lundi 31 ao\u00fbt 2026 sur TF1 : r\u00e9sum\u00e9 et diffusions"},"content":{"rendered":"<p>                <a href=\"https:\/\/programmetv.ouest-france.fr\/serie\/\" class=\"su-not-link\" rel=\"nofollow noopener\" target=\"_blank\">S\u00e9rie<\/a><\/p>\n<p>Dur\u00e9e 0h50<\/p>\n<p>De <a href=\"https:\/\/programmetv.ouest-france.fr\/personnalites\/laurent-ournac\/\" class=\"su-link\" rel=\"nofollow noopener\" target=\"_blank\">Laurent Ournac<\/a> <\/p>\n<p>Avec <a href=\"https:\/\/programmetv.ouest-france.fr\/personnalites\/laurent-ournac\/\" class=\"su-link\" rel=\"nofollow noopener\" target=\"_blank\">Laurent Ournac<\/a>, Thierry Heckendorn, Patrick Gu\u00e9rineau, Candiie, Elizabeth Bourgine, Florence Coste, Patrick Paroux, Laurence Oltuski, Alexandra Favalli, Sofiane Francine, Renaud Leymans, I\u00f1aki Lartigue <\/p>\n<p>Ann\u00e9e de production 2025<\/p>\n<p>Regarder sur<br \/>\n                <a class=\"su-link\" href=\"https:\/\/mycan.al\/series\/camping-paradis\/h\/6600124_50061\" target=\"_blank\" rel=\"nofollow noopener\">myCANAL<\/a>,<br \/>\n                <a class=\"su-link\" href=\"https:\/\/www.tf1.fr\/tf1\/camping-paradis\" target=\"_blank\" rel=\"nofollow noopener\">TF1+<\/a>\n                <\/p>\n<p>\n                Pour le carnaval de Martigues qui se pr\u00e9pare, Xavier et Andr\u00e9 ont command\u00e9 un char de seconde main sur Internet. Sophie et Aur\u00e9lien arrivent au milieu de cette agitation, pour passer leurs vacances avec Amanda, la m\u00e8re de Sophie, et en profiter pour lui annoncer que Sophie est enceinte. Les retrouvailles pourraient \u00eatre tendues, surtout avec l&rsquo;arriv\u00e9e de Fred, le nouveau compagnon d&rsquo;Amanda. De son c\u00f4t\u00e9, Audrey est heureuse d&rsquo;accueillir sa cousine Margot, qui se remet doucement d&rsquo;une greffe de coeur. Audrey conseille \u00e0 la jeune femme de s&rsquo;ouvrir aux autres, et notamment \u00e0 Guillaume, son charmant voisin de bungalow, qui ne semble pas indiff\u00e9rent \u00e0 son charme. Monsieur Parizot voit d&rsquo;un mauvais oeil l&rsquo;installation, \u00e0 c\u00f4t\u00e9 de sa caravane, de Florence Delacroix, l&rsquo;avocate de son ex-femme au moment de son divorce&#8230;\n            <\/p>\n","protected":false},"excerpt":{"rendered":"S\u00e9rie Dur\u00e9e 0h50 De Laurent Ournac Avec Laurent Ournac, Thierry Heckendorn, Patrick Gu\u00e9rineau, Candiie, Elizabeth Bourgine, Florence Coste,&hellip;\n","protected":false},"author":2,"featured_media":289512,"comment_status":"","ping_status":"","sticky":false,"template":"","format":"standard","meta":{"footnotes":"","_share_on_mastodon":"0"},"categories":[13],"tags":[113,112,23,142],"class_list":["post-289511","post","type-post","status-publish","format-standard","has-post-thumbnail","category-television","tag-divertissement","tag-entertainment","tag-suisse","tag-television"],"share_on_mastodon":{"url":"https:\/\/pubeurope.com\/@ch_fr\/117206853042150252","error":""},"_links":{"self":[{"href":"https:\/\/www.europesays.com\/ch-fr\/wp-json\/wp\/v2\/posts\/289511","targetHints":{"allow":["GET"]}}],"collection":[{"href":"https:\/\/www.europesays.com\/ch-fr\/wp-json\/wp\/v2\/posts"}],"about":[{"href":"https:\/\/www.europesays.com\/ch-fr\/wp-json\/wp\/v2\/types\/post"}],"author":[{"embeddable":true,"href":"https:\/\/www.europesays.com\/ch-fr\/wp-json\/wp\/v2\/users\/2"}],"replies":[{"embeddable":true,"href":"https:\/\/www.europesays.com\/ch-fr\/wp-json\/wp\/v2\/comments?post=289511"}],"version-history":[{"count":0,"href":"https:\/\/www.europesays.com\/ch-fr\/wp-json\/wp\/v2\/posts\/289511\/revisions"}],"wp:featuredmedia":[{"embeddable":true,"href":"https:\/\/www.europesays.com\/ch-fr\/wp-json\/wp\/v2\/media\/289512"}],"wp:attachment":[{"href":"https:\/\/www.europesays.com\/ch-fr\/wp-json\/wp\/v2\/media?parent=289511"}],"wp:term":[{"taxonomy":"category","embeddable":true,"href":"https:\/\/www.europesays.com\/ch-fr\/wp-json\/wp\/v2\/categories?post=289511"},{"taxonomy":"post_tag","embeddable":true,"href":"https:\/\/www.europesays.com\/ch-fr\/wp-json\/wp\/v2\/tags?post=289511"}],"curies":[{"name":"wp","href":"https:\/\/api.w.org\/{rel}","templated":true}]}}