{"id":289523,"date":"2026-09-03T11:29:13","date_gmt":"2026-09-03T11:29:13","guid":{"rendered":"https:\/\/www.europesays.com\/ch-fr\/289523\/"},"modified":"2026-09-03T11:29:13","modified_gmt":"2026-09-03T11:29:13","slug":"carmignac-ouvre-a-dubai-christophe-younes-aux-manettes","status":"publish","type":"post","link":"https:\/\/www.europesays.com\/ch-fr\/289523\/","title":{"rendered":"Carmignac ouvre \u00e0 Duba\u00ef, Christophe Younes aux manettes"},"content":{"rendered":"<p class=\"article-content__p\">Carmignac prend pied au Moyen-Orient. La soci\u00e9t\u00e9 de gestion a annonc\u00e9 ce jeudi 3 septembre l\u2019ouverture d\u2019un bureau au Dubai International Financial Centre, apr\u00e8s avoir obtenu l\u2019agr\u00e9ment de la Dubai Financial Services Authority et la nomination de Christophe Younes \u00e0 la t\u00eate de Carmignac Middle East. Bas\u00e9 \u00e0 Duba\u00ef, il sera charg\u00e9 de d\u00e9velopper la distribution des fonds aupr\u00e8s des investisseurs institutionnels et priv\u00e9s aux \u00c9mirats arabes unis et dans les autres pays du Conseil de coop\u00e9ration du Golfe.<\/p>\n<p class=\"article-content__p\">Christophe Younes avait rejoint Carmignac une premi\u00e8re fois pendant dix ans, avant de partir chez Pimco, o\u00f9 il suivait les banques priv\u00e9es et les family offices en France et \u00e0 Monaco. Revenu dans le groupe en 2026, il pourra notamment s\u2019appuyer sur Habib Achkar, ancien dirigeant de Morgan Stanley dans la r\u00e9gion et administrateur de Carmignac depuis 2024.<\/p>\n<p class=\"article-content__p\">\u00abL\u2019ouverture d\u2019un bureau d\u00e9di\u00e9 \u00e0 Duba\u00ef marque une \u00e9tape majeure dans les ambitions internationales de Carmignac. Forts de notre longue exp\u00e9rience au service des banques priv\u00e9es et des clients institutionnels en Europe, nous nous r\u00e9jouissons de mettre notre expertise au service des investisseurs des \u00c9mirats arabes unis, tout en apprenant au contact des institutions locales et r\u00e9gionales\u00bb,\u00a0commente Rose Ouahba, directrice g\u00e9n\u00e9rale d\u00e9l\u00e9gu\u00e9e du groupe, membre du conseil d\u2019administration de Carmignac Gestion Luxembourg et de Carmignac Middle East.<\/p>\n","protected":false},"excerpt":{"rendered":"Carmignac prend pied au Moyen-Orient. La soci\u00e9t\u00e9 de gestion a annonc\u00e9 ce jeudi 3 septembre l\u2019ouverture d\u2019un bureau&hellip;\n","protected":false},"author":2,"featured_media":289524,"comment_status":"","ping_status":"","sticky":false,"template":"","format":"standard","meta":{"footnotes":"","_share_on_mastodon":"0"},"categories":[6],"tags":[45,44,43,23],"class_list":["post-289523","post","type-post","status-publish","format-standard","has-post-thumbnail","category-economie","tag-business","tag-economie","tag-economy","tag-suisse"],"share_on_mastodon":{"url":"https:\/\/pubeurope.com\/@ch_fr\/117206880515810641","error":""},"_links":{"self":[{"href":"https:\/\/www.europesays.com\/ch-fr\/wp-json\/wp\/v2\/posts\/289523","targetHints":{"allow":["GET"]}}],"collection":[{"href":"https:\/\/www.europesays.com\/ch-fr\/wp-json\/wp\/v2\/posts"}],"about":[{"href":"https:\/\/www.europesays.com\/ch-fr\/wp-json\/wp\/v2\/types\/post"}],"author":[{"embeddable":true,"href":"https:\/\/www.europesays.com\/ch-fr\/wp-json\/wp\/v2\/users\/2"}],"replies":[{"embeddable":true,"href":"https:\/\/www.europesays.com\/ch-fr\/wp-json\/wp\/v2\/comments?post=289523"}],"version-history":[{"count":0,"href":"https:\/\/www.europesays.com\/ch-fr\/wp-json\/wp\/v2\/posts\/289523\/revisions"}],"wp:featuredmedia":[{"embeddable":true,"href":"https:\/\/www.europesays.com\/ch-fr\/wp-json\/wp\/v2\/media\/289524"}],"wp:attachment":[{"href":"https:\/\/www.europesays.com\/ch-fr\/wp-json\/wp\/v2\/media?parent=289523"}],"wp:term":[{"taxonomy":"category","embeddable":true,"href":"https:\/\/www.europesays.com\/ch-fr\/wp-json\/wp\/v2\/categories?post=289523"},{"taxonomy":"post_tag","embeddable":true,"href":"https:\/\/www.europesays.com\/ch-fr\/wp-json\/wp\/v2\/tags?post=289523"}],"curies":[{"name":"wp","href":"https:\/\/api.w.org\/{rel}","templated":true}]}}