{"id":289545,"date":"2026-09-03T11:48:07","date_gmt":"2026-09-03T11:48:07","guid":{"rendered":"https:\/\/www.europesays.com\/ch-fr\/289545\/"},"modified":"2026-09-03T11:48:07","modified_gmt":"2026-09-03T11:48:07","slug":"emmenee-par-lindustrie-pharmaceutique-leconomie-suisse-a-presse-sur-laccelerateur-ce-printemps","status":"publish","type":"post","link":"https:\/\/www.europesays.com\/ch-fr\/289545\/","title":{"rendered":"Emmen\u00e9e par l&rsquo;industrie pharmaceutique, l&rsquo;\u00e9conomie suisse a press\u00e9 sur l&rsquo;acc\u00e9l\u00e9rateur ce printemps"},"content":{"rendered":"<p>Il faut remonter au 3e trimestre 2021 pour observer pareille performance. En d\u00e9pit d&rsquo;un environnement international peu favorable, l&rsquo;\u00e9conomie suisse a enregistr\u00e9 une forte pouss\u00e9e de croissance au second partiel de l&rsquo;ann\u00e9e, le produit int\u00e9rieur brut (PIB) acc\u00e9l\u00e9rant de 1,5% compar\u00e9 au trimestre pr\u00e9c\u00e9dent.<\/p>\n<p>Le Secr\u00e9tariat d&rsquo;Etat \u00e0 l&rsquo;\u00e9conomie (SECO) a confirm\u00e9 jeudi ses premi\u00e8res estimations publi\u00e9es mi-ao\u00fbt. Ce chiffre, corrig\u00e9 des \u00e9v\u00e9nements sportifs, atteste d&rsquo;une nette acc\u00e9l\u00e9ration, apr\u00e8s une hausse de seulement 0,5% au premier trimestre. La Suisse fait aussi nettement mieux que la zone euro, dans laquelle la croissance n&rsquo;a acc\u00e9l\u00e9r\u00e9 que de 0,4% au deuxi\u00e8me trimestre.<\/p>\n<p>Lire aussi: <a href=\"https:\/\/www.letemps.ch\/articles\/les-nuages-s-amoncellent-sur-l-economie-francaise-menacee-de-recession\" rel=\"nofollow noopener\" target=\"_blank\">Les nuages s\u2019amoncellent sur l\u2019\u00e9conomie fran\u00e7aise menac\u00e9e de r\u00e9cession<\/a>  <\/p>\n<p>\u00abL&rsquo;impulsion la plus soutenue est venue de l&rsquo;industrie chimico-pharmaceutique, mais la cr\u00e9ation de valeur a \u00e9galement progress\u00e9 dans de nombreuses autres branches\u00bb, indiquent les \u00e9conomistes de la Conf\u00e9d\u00e9ration dans le communiqu\u00e9 de presse mis en ligne. Les exportations ont affich\u00e9 un important rebond de 9,7% pendant la p\u00e9riode sous revue, apr\u00e8s un repli de 1,2% entre janvier et mars. Les investissements dans les biens d&rsquo;\u00e9quipement ont \u00e9galement repris des couleurs, en acc\u00e9l\u00e9rant de 0,8% suite \u00e0 une d\u00e9crue de 1,2%.<\/p>\n<p>\u00abCroissance impressionnante\u00bb<\/p>\n<p>Par secteurs, la chimie-pharmacie (+10,5%) a affich\u00e9 une sant\u00e9 \u00e9clatante, malgr\u00e9 les incertitudes li\u00e9es aux droits de douane am\u00e9ricains et la hausse du prix des mati\u00e8res premi\u00e8res. L&rsquo;industrie manufacturi\u00e8re (+4,5%) a aussi progress\u00e9, tout comme les services financiers (+1,9%) et les transports (+1,9%). L&rsquo;acc\u00e9l\u00e9ration dans le domaine des services (+0,7%) est quant \u00e0 elle rest\u00e9e mod\u00e9r\u00e9e.<\/p>\n<p>\u00abIl s&rsquo;agit d&rsquo;une croissance impressionnante\u00bb, s&rsquo;est \u00e9tonn\u00e9 Thomas Gitzel, \u00e9conomiste de VP Bank, interrog\u00e9 par Keystone-ATS. L&rsquo;\u00e9conomie helv\u00e9tique a bien d\u00e9marr\u00e9 l&rsquo;ann\u00e9e, malgr\u00e9 la hausse des prix du p\u00e9trole et des incertitudes g\u00e9opolitiques en raison de la guerre au Moyen-Orient, a-t-il ajout\u00e9, estimant que \u00abl&rsquo;industrie europ\u00e9enne est en train d&rsquo;afficher un rebond \u00e9tonnant.<\/p>\n<p>Pour les experts de la banque EFG, la conjoncture suisse cro\u00eet au-dessus de son potentiel depuis fin 2025. Le solide moral des entrepreneurs en juillet et ao\u00fbt signale par ailleurs un bon troisi\u00e8me trimestre.<\/p>\n<p>La consommation priv\u00e9e, l&rsquo;un des moteurs de l&rsquo;\u00e9conomie helv\u00e9tique, est par contre rest\u00e9e au ralenti, n&rsquo;affichant qu&rsquo;une faible progression de 0,3%, apr\u00e8s +0,1% au premier trimestre. L&rsquo;inflation en Suisse est par ailleurs repartie \u00e0 la hausse en ao\u00fbt, grimpant \u00e0 0,8% sur an, selon les donn\u00e9es publi\u00e9es jeudi par l&rsquo;office f\u00e9d\u00e9ral de la statistique (OFS), soit plus que pr\u00e9vu par les \u00e9conomistes, sous l&rsquo;effet d&rsquo;une hausse des prix des produits p\u00e9troliers et des loyers.<\/p>\n<p>D&rsquo;apr\u00e8s les relev\u00e9s de l&rsquo;OFS, les prix des produits p\u00e9troliers ont bondi de 25,2% par rapport au mois d&rsquo;ao\u00fbt 2025 tandis que les loyers du logement ont augment\u00e9 de 1,6%. Derni\u00e8res estimations publi\u00e9es jeudi, peu engageantes pour le pouvoir d&rsquo;achat des Helv\u00e8tes, les salaires nominaux n&rsquo;ont progress\u00e9 que de 0,4% au 2e trimestre.<\/p>\n<p>Lire aussi: <a href=\"https:\/\/www.letemps.ch\/articles\/roger-federer-peut-se-rassurer-la-marque-on-ne-va-pas-si-mal-meme-si-la-lune-de-miel-boursiere-est-terminee\" rel=\"nofollow noopener\" target=\"_blank\">Roger Federer peut se rassurer, la marque On ne va pas si mal m\u00eame si la lune de miel boursi\u00e8re est termin\u00e9e<\/a>  <\/p>\n","protected":false},"excerpt":{"rendered":"Il faut remonter au 3e trimestre 2021 pour observer pareille performance. En d\u00e9pit d&rsquo;un environnement international peu favorable,&hellip;\n","protected":false},"author":2,"featured_media":289546,"comment_status":"","ping_status":"","sticky":false,"template":"","format":"standard","meta":{"footnotes":"","_share_on_mastodon":"0"},"categories":[6],"tags":[45,44,1226,43,25,8496,23],"class_list":["post-289545","post","type-post","status-publish","format-standard","has-post-thumbnail","category-economie","tag-business","tag-economie","tag-economie-suisse","tag-economy","tag-free","tag-pharmas-u0026-medtech","tag-suisse"],"share_on_mastodon":{"url":"https:\/\/pubeurope.com\/@ch_fr\/117206955366353027","error":""},"_links":{"self":[{"href":"https:\/\/www.europesays.com\/ch-fr\/wp-json\/wp\/v2\/posts\/289545","targetHints":{"allow":["GET"]}}],"collection":[{"href":"https:\/\/www.europesays.com\/ch-fr\/wp-json\/wp\/v2\/posts"}],"about":[{"href":"https:\/\/www.europesays.com\/ch-fr\/wp-json\/wp\/v2\/types\/post"}],"author":[{"embeddable":true,"href":"https:\/\/www.europesays.com\/ch-fr\/wp-json\/wp\/v2\/users\/2"}],"replies":[{"embeddable":true,"href":"https:\/\/www.europesays.com\/ch-fr\/wp-json\/wp\/v2\/comments?post=289545"}],"version-history":[{"count":0,"href":"https:\/\/www.europesays.com\/ch-fr\/wp-json\/wp\/v2\/posts\/289545\/revisions"}],"wp:featuredmedia":[{"embeddable":true,"href":"https:\/\/www.europesays.com\/ch-fr\/wp-json\/wp\/v2\/media\/289546"}],"wp:attachment":[{"href":"https:\/\/www.europesays.com\/ch-fr\/wp-json\/wp\/v2\/media?parent=289545"}],"wp:term":[{"taxonomy":"category","embeddable":true,"href":"https:\/\/www.europesays.com\/ch-fr\/wp-json\/wp\/v2\/categories?post=289545"},{"taxonomy":"post_tag","embeddable":true,"href":"https:\/\/www.europesays.com\/ch-fr\/wp-json\/wp\/v2\/tags?post=289545"}],"curies":[{"name":"wp","href":"https:\/\/api.w.org\/{rel}","templated":true}]}}