{"id":289559,"date":"2026-09-03T12:02:12","date_gmt":"2026-09-03T12:02:12","guid":{"rendered":"https:\/\/www.europesays.com\/ch-fr\/289559\/"},"modified":"2026-09-03T12:02:12","modified_gmt":"2026-09-03T12:02:12","slug":"mort-de-cassandra-wilson-chanteuse-de-jazz-a-lage-de-70-ans","status":"publish","type":"post","link":"https:\/\/www.europesays.com\/ch-fr\/289559\/","title":{"rendered":"Mort de Cassandra Wilson, chanteuse de jazz, \u00e0 l&rsquo;\u00e2ge de 70 ans"},"content":{"rendered":"<p>La chanteuse de jazz am\u00e9ricaine Cassandra Wilson est d\u00e9c\u00e9d\u00e9e mercredi \u00e0 l&rsquo;\u00e2ge de 70 ans dans sa ville natale de Jackson dans le Mississippi. Prim\u00e9e deux fois aux Grammy Awards, elle \u00e9tait pourtant peu connue du grand public. RTS Culture vous propose de d\u00e9couvrir une artiste \u00e0 la voix hors du commun.<\/p>\n<p>Vous ne connaissez peut-\u00eatre pas son nom, mais si vous avez d\u00e9j\u00e0 entendu sa voix, vous avez s\u00fbrement \u00e9t\u00e9 envout\u00e9, comme Ulysse avec les sir\u00e8nes. Cassandra Wilson, la femme \u00e0 la voix de miel sombre, s&rsquo;est \u00e9teinte mercredi \u00e0 l&rsquo;\u00e2ge de 70 ans. Autrice-compositrice-interpr\u00e8te et productrice, elle a enregistr\u00e9 pas moins de dix-neuf albums en trente ans de carri\u00e8re.<\/p>\n<p>Une voix unique<\/p>\n<p>Grave, velout\u00e9e, presque hypnotique, la voix de Cassandra Wilson poss\u00e8de un timbre qui \u00e9voque \u00e0 la fois la chaleur du Sud am\u00e9ricain et une modernit\u00e9 troublante.\u00a0N\u00e9e \u00e0 Jackson (Mississippi) en 1955, elle grandit dans un environnement musical, apprend le piano et la guitare avant de commencer le chant dans les ann\u00e9es 1970.<\/p>\n<p>Contenu externe<\/p>\n<p> Ce contenu externe ne peut pas \u00eatre affich\u00e9 car il est susceptible de collecter des donn\u00e9es personnelles. Pour voir ce contenu vous devez autoriser la cat\u00e9gorie R\u00e9seaux sociaux. <\/p>\n<p> Accepter Plus d&rsquo;info <\/p>\n<p>Pendant ses \u00e9tudes en communication, Cassandra chante dans des clubs \u00e0\u00a0La Nouvelle-Orl\u00e9ans, avant de s&rsquo;installer \u00e0 New York dans les ann\u00e9es 1980. L\u00e0, elle rencontre le saxophoniste\u00a0Steve Coleman et c&rsquo;est avec lui qu&rsquo;elle enregistre &lsquo;Point of View&rsquo;, un premier album funk et exp\u00e9rimental.<\/p>\n<p>Des reprises surprenantes<\/p>\n<p>Tout au long de sa carri\u00e8re, Cassandra Wilson ne se contente pas des standards jazz. Elle ose s&rsquo;approprier des morceaux rock, folk et pop avec une audace d\u00e9concertante.<\/p>\n<p>Contenu externe<\/p>\n<p> Ce contenu externe ne peut pas \u00eatre affich\u00e9 car il est susceptible de collecter des donn\u00e9es personnelles. Pour voir ce contenu vous devez autoriser la cat\u00e9gorie R\u00e9seaux sociaux. <\/p>\n<p> Accepter Plus d&rsquo;info <\/p>\n<p>Sur son neuvi\u00e8me album &lsquo;New Moon Daughter&rsquo; (album phare de 1995 enregistr\u00e9 chez le mythique label Blue Note Records qui lui vaudra un Grammy Award de la meilleure performance vocale de jazz), elle transforme &lsquo;Harvest Moon &lsquo;de Neil Young en ballade nocturne envo\u00fbtante, et r\u00e9interpr\u00e8te &lsquo;Strange Fruit&rsquo; de Billie Holliday avec une intensit\u00e9 gla\u00e7ante.<\/p>\n<p>M\u00e9lange des genres<\/p>\n<p>Cassandra Wilson a toujours refus\u00e9 les \u00e9tiquettes. Form\u00e9e au sein du collectif de jazz M-Base dans les ann\u00e9es 1980, elle int\u00e8gre par la suite des \u00e9l\u00e9ments de blues, de country, de folk et m\u00eame de musiques africaines.<\/p>\n<p>&lsquo;Belly of the Sun&rsquo; (2002) int\u00e8gre des rythmes afro-br\u00e9siliens, &lsquo;Thunderbird&rsquo; (2006) explore les racines mississippiennes de Cassandra Wilson, en m\u00e9langeant blues rural et arrangements contemporains. Le deuxi\u00e8me Grammy Award lui sera d\u00e9cern\u00e9 en 2009 pour &lsquo;Loverly&rsquo;. Apr\u00e8s s&rsquo;\u00eatre \u00e9loign\u00e9e des sentiers battus du jazz traditionnel pendant quinze ans, Cassandra Wilson revient aux classiques absolus, tels que &lsquo;Caravan&rsquo; de Duke Ellington.<\/p>\n<p>Contenu externe<\/p>\n<p> Ce contenu externe ne peut pas \u00eatre affich\u00e9 car il est susceptible de collecter des donn\u00e9es personnelles. Pour voir ce contenu vous devez autoriser la cat\u00e9gorie R\u00e9seaux sociaux. <\/p>\n<p> Accepter Plus d&rsquo;info <\/p>\n<p>L&rsquo;enregistrement a lieu dans une maison de sa ville natale. Pour accompagner la voix de contralto de Cassandra, celle-ci s&rsquo;entoure de trois musiciens qu&rsquo;elle adore: le pianiste Jason Moran, le guitariste\u00a0Marvin Sewell et le percussionniste nig\u00e9rian\u00a0Lekan Babalola. Cet \u00e9quilibre entre le respect d&rsquo;une certaine tradition du jazz tout en gardant une libert\u00e9 d&rsquo;interpr\u00e9tation lui vaudra le Grammy du Meilleur album de jazz vocal.<\/p>\n<p class=\"sources\">Sarah Cl\u00e9ment<\/p>\n","protected":false},"excerpt":{"rendered":"La chanteuse de jazz am\u00e9ricaine Cassandra Wilson est d\u00e9c\u00e9d\u00e9e mercredi \u00e0 l&rsquo;\u00e2ge de 70 ans dans sa ville&hellip;\n","protected":false},"author":2,"featured_media":289560,"comment_status":"","ping_status":"","sticky":false,"template":"","format":"standard","meta":{"footnotes":"","_share_on_mastodon":"0"},"categories":[10],"tags":[647,1366,380,63042,1196,1511,113,112,1797,14044,1328,18420,2978,39283,141,654,238,23,1803],"class_list":["post-289559","post","type-post","status-publish","format-standard","has-post-thumbnail","category-divertissement","tag-album","tag-artiste","tag-arts-et-divertissement","tag-cassandra-wilson","tag-celebrites","tag-chanteur","tag-divertissement","tag-entertainment","tag-fin-de-vie-et-mort","tag-grammy-awards","tag-hommage","tag-jackson","tag-jazz","tag-mississippi","tag-musique","tag-musiques","tag-societe","tag-suisse","tag-valeurs"],"share_on_mastodon":{"url":"https:\/\/pubeurope.com\/@ch_fr\/117207010549328503","error":""},"_links":{"self":[{"href":"https:\/\/www.europesays.com\/ch-fr\/wp-json\/wp\/v2\/posts\/289559","targetHints":{"allow":["GET"]}}],"collection":[{"href":"https:\/\/www.europesays.com\/ch-fr\/wp-json\/wp\/v2\/posts"}],"about":[{"href":"https:\/\/www.europesays.com\/ch-fr\/wp-json\/wp\/v2\/types\/post"}],"author":[{"embeddable":true,"href":"https:\/\/www.europesays.com\/ch-fr\/wp-json\/wp\/v2\/users\/2"}],"replies":[{"embeddable":true,"href":"https:\/\/www.europesays.com\/ch-fr\/wp-json\/wp\/v2\/comments?post=289559"}],"version-history":[{"count":0,"href":"https:\/\/www.europesays.com\/ch-fr\/wp-json\/wp\/v2\/posts\/289559\/revisions"}],"wp:featuredmedia":[{"embeddable":true,"href":"https:\/\/www.europesays.com\/ch-fr\/wp-json\/wp\/v2\/media\/289560"}],"wp:attachment":[{"href":"https:\/\/www.europesays.com\/ch-fr\/wp-json\/wp\/v2\/media?parent=289559"}],"wp:term":[{"taxonomy":"category","embeddable":true,"href":"https:\/\/www.europesays.com\/ch-fr\/wp-json\/wp\/v2\/categories?post=289559"},{"taxonomy":"post_tag","embeddable":true,"href":"https:\/\/www.europesays.com\/ch-fr\/wp-json\/wp\/v2\/tags?post=289559"}],"curies":[{"name":"wp","href":"https:\/\/api.w.org\/{rel}","templated":true}]}}