{"id":289591,"date":"2026-09-03T12:28:32","date_gmt":"2026-09-03T12:28:32","guid":{"rendered":"https:\/\/www.europesays.com\/ch-fr\/289591\/"},"modified":"2026-09-03T12:28:32","modified_gmt":"2026-09-03T12:28:32","slug":"orages-de-grele-les-dommages-vont-depasser-les-100-millions","status":"publish","type":"post","link":"https:\/\/www.europesays.com\/ch-fr\/289591\/","title":{"rendered":"Orages de gr\u00eale: les dommages vont d\u00e9passer les 100 millions"},"content":{"rendered":"<p class=\"wysiwyg-h2\">Les orages de gr\u00eale de vendredi dernier vont co\u00fbter cher aux assureurs. Selon une enqu\u00eate de l&rsquo;agence AWP men\u00e9e aupr\u00e8s des compagnies d&rsquo;assurance, la facture des dommages est pour l&rsquo;heure estim\u00e9e \u00e0 un montant d\u00e9passant les 100 millions de francs.<\/p>\n<p>La temp\u00eate de vendredi dernier a repr\u00e9sent\u00e9, et de loin, le plus important \u00e9pisode de gr\u00eale de l&rsquo;ann\u00e9e, ont d\u00e9clar\u00e9 \u00e0 l&rsquo;unisson plusieurs porte-parole d&rsquo;assureurs dommages. &lsquo; \u00c0 ce jour, nous avons re\u00e7u environ 18&rsquo;000 d\u00e9clarations de sinistre dans toute la Suisse &lsquo;, a indiqu\u00e9 mercredi un porte-parole de la Mobili\u00e8re. Elles concernent pour la plupart des v\u00e9hicules endommag\u00e9s (14&rsquo;300 cas). S&rsquo;y ajoutent \u00e9galement des dommages, par exemple dans des caves ou des jardins.<\/p>\n<p>Ces chiffres devraient encore augmenter. Une projection ne sera probablement possible qu&rsquo;\u00e0 la fin de la semaine au plus t\u00f4t, a expliqu\u00e9 le porte-parole. &lsquo;La Mobili\u00e8re s&rsquo;attend \u00e0 un montant \u00e9lev\u00e9 \u00e0 deux chiffres en millions de francs&rsquo;.<\/p>\n<p>Allianz Suisse recense pour sa part plus de 11&rsquo;000 demandes d&rsquo;indemnisation pour des dommages aux v\u00e9hicules. Et leur &lsquo;nombre continue d&rsquo;augmenter&rsquo;, a d\u00e9clar\u00e9 un porte-parole. &lsquo;Sur la base des premi\u00e8res indications, nous partons actuellement d&rsquo;un montant de sinistres d&rsquo;au moins un chiffre \u00e9lev\u00e9 \u00e0 deux chiffres en millions. &lsquo;Il est encore trop t\u00f4t pour une \u00e9valuation d\u00e9finitive de l&rsquo;\u00e9v\u00e9nement. D&rsquo;autres assureurs, comme Helvetia, Axa et Generali Suisse, s&rsquo;y pr\u00e9parent aussi.<\/p>\n<p>Environ 90% des d\u00e9clarations de sinistre chez Helvetia \u00e9manent de propri\u00e9taires de v\u00e9hicules \u00e0 moteur, a indiqu\u00e9 un porte-parole. Mercredi matin, Helvetia avait enregistr\u00e9 environ 11&rsquo;500 demandes. &lsquo;Sur la base de notre exp\u00e9rience, nous nous attendons \u00e0 ce que de nombreuses autres d\u00e9clarations de sinistre nous parviennent dans les jours et semaines \u00e0 venir&rsquo;, a-t-il ajout\u00e9. M\u00eame constat chez Generali Suisse qui ne peut \u00e9valuer de mani\u00e8re d\u00e9finitive ni le nombre de d\u00e9clarations de sinistre ni les cons\u00e9quences financi\u00e8res.<\/p>\n<p>Nombreux v\u00e9hicules totalement d\u00e9truits<\/p>\n<p>L&rsquo;ampleur de la temp\u00eate dans de nombreuses r\u00e9gions dens\u00e9ment peupl\u00e9es du Plateau suisse est exceptionnelle, entra\u00eenant d&rsquo;importants d\u00e9g\u00e2ts en tr\u00e8s peu de temps, observe le porte-parole d&rsquo;Axa. Les assureurs mettent d\u00e9sormais en place des &lsquo;drive-in&rsquo; o\u00f9 les propri\u00e9taires de voitures encore roulantes peuvent faire expertiser les dommages sur leur v\u00e9hicule. Il y a \u00e9norm\u00e9ment de v\u00e9hicules totalement d\u00e9truits et les voitures de remplacement viennent \u00e0 manquer.<\/p>\n<p>&lsquo;Tout simplement, il n&rsquo;y a pas suffisamment de v\u00e9hicules disponibles, ni chez les loueurs de voitures ni dans les garages &lsquo;, a d\u00e9clar\u00e9 le porte-parole d&rsquo;Helvetia. Allianz Suisse fait enlever les v\u00e9hicules suspect\u00e9s d&rsquo;\u00eatre totalement d\u00e9truits pour les faire expertiser par des sp\u00e9cialistes. Helvetia et Allianz Suisse proposent une aide financi\u00e8re pour l&rsquo;utilisation des transports publics si aucune voiture de remplacement n&rsquo;est disponible.<\/p>\n<p>Outre les dommages aux voitures, les assureurs font part de d\u00e9g\u00e2ts aux fa\u00e7ades et aux enveloppes de b\u00e2timents, ainsi que des toitures arrach\u00e9es. Pour les dommages aux b\u00e2timents, les assurances immobili\u00e8res cantonales des b\u00e2timents sont comp\u00e9tentes.<\/p>\n<p>Vendredi matin, un violent front orageux a provoqu\u00e9 d&rsquo;importants d\u00e9g\u00e2ts d\u00fbs \u00e0 la gr\u00eale et au vent, notamment dans le Nord de la Suisse. Plusieurs personnes ont \u00e9t\u00e9 bless\u00e9es par des arbres renvers\u00e9s et des chutes de gr\u00eale, dont une femme gri\u00e8vement dans le canton de Soleure.<\/p>\n<p>Localement, les gr\u00ealons atteignaient un diam\u00e8tre de jusqu&rsquo;\u00e0 5 centim\u00e8tres, a indiqu\u00e9 l&rsquo;Office f\u00e9d\u00e9ral de m\u00e9t\u00e9orologie et de climatologie (M\u00e9t\u00e9oSuisse). Dans le canton de Schaffhouse, des rafales de vent ont \u00e9t\u00e9 mesur\u00e9es jusqu&rsquo;\u00e0 142 kilom\u00e8tres par heure. Dans les cantons d&rsquo;Argovie et de Zurich, des lignes \u00e9lectriques ont \u00e9t\u00e9 arrach\u00e9es.<\/p>\n<p>\u00c0 l&rsquo;a\u00e9roport de Zurich, plus rien ne fonctionnait temporairement. En raison du grand nombre d&rsquo;\u00e9clairs, les op\u00e9rations au sol ont d\u00fb \u00eatre temporairement interrompues. De nombreux vols ont \u00e9t\u00e9 annul\u00e9s ou ont accus\u00e9 plusieurs heures de retard. Plus de 10&rsquo;000 passagers ont \u00e9t\u00e9 concern\u00e9s.<\/p>\n<p> \/ATS<\/p>\n","protected":false},"excerpt":{"rendered":"Les orages de gr\u00eale de vendredi dernier vont co\u00fbter cher aux assureurs. Selon une enqu\u00eate de l&rsquo;agence AWP&hellip;\n","protected":false},"author":2,"featured_media":289592,"comment_status":"","ping_status":"","sticky":false,"template":"","format":"standard","meta":{"footnotes":"","_share_on_mastodon":"0"},"categories":[4],"tags":[22,121,124,128,119,122,123,118,136,132,131,133,130,21,135,120,126,117,125,114,115,116,23,129,127,134],"class_list":["post-289591","post","type-post","status-publish","format-standard","has-post-thumbnail","category-actualites","tag-actualites","tag-ajoie","tag-animation","tag-bienne","tag-delemont","tag-franches-montagnes","tag-frequence","tag-jura","tag-jura-bernois","tag-la-chaux-de-fonds","tag-moutier","tag-neuchatel","tag-neuveville","tag-news","tag-payerne","tag-porrentruy","tag-publicite","tag-radio","tag-redaction","tag-rfj","tag-rjb","tag-rtn","tag-suisse","tag-tavannes","tag-vallon-de-st-imier","tag-yverdon"],"share_on_mastodon":{"url":"https:\/\/pubeurope.com\/@ch_fr\/117207112555358346","error":""},"_links":{"self":[{"href":"https:\/\/www.europesays.com\/ch-fr\/wp-json\/wp\/v2\/posts\/289591","targetHints":{"allow":["GET"]}}],"collection":[{"href":"https:\/\/www.europesays.com\/ch-fr\/wp-json\/wp\/v2\/posts"}],"about":[{"href":"https:\/\/www.europesays.com\/ch-fr\/wp-json\/wp\/v2\/types\/post"}],"author":[{"embeddable":true,"href":"https:\/\/www.europesays.com\/ch-fr\/wp-json\/wp\/v2\/users\/2"}],"replies":[{"embeddable":true,"href":"https:\/\/www.europesays.com\/ch-fr\/wp-json\/wp\/v2\/comments?post=289591"}],"version-history":[{"count":0,"href":"https:\/\/www.europesays.com\/ch-fr\/wp-json\/wp\/v2\/posts\/289591\/revisions"}],"wp:featuredmedia":[{"embeddable":true,"href":"https:\/\/www.europesays.com\/ch-fr\/wp-json\/wp\/v2\/media\/289592"}],"wp:attachment":[{"href":"https:\/\/www.europesays.com\/ch-fr\/wp-json\/wp\/v2\/media?parent=289591"}],"wp:term":[{"taxonomy":"category","embeddable":true,"href":"https:\/\/www.europesays.com\/ch-fr\/wp-json\/wp\/v2\/categories?post=289591"},{"taxonomy":"post_tag","embeddable":true,"href":"https:\/\/www.europesays.com\/ch-fr\/wp-json\/wp\/v2\/tags?post=289591"}],"curies":[{"name":"wp","href":"https:\/\/api.w.org\/{rel}","templated":true}]}}