{"id":289621,"date":"2026-09-03T12:57:13","date_gmt":"2026-09-03T12:57:13","guid":{"rendered":"https:\/\/www.europesays.com\/ch-fr\/289621\/"},"modified":"2026-09-03T12:57:13","modified_gmt":"2026-09-03T12:57:13","slug":"les-indes-un-film-de-pauline-julier-et-nicolas-chapoulier","status":"publish","type":"post","link":"https:\/\/www.europesays.com\/ch-fr\/289621\/","title":{"rendered":"\u00ab Les Indes \u00bb, un film de Pauline Julier et Nicolas Chapoulier"},"content":{"rendered":"<p> <img decoding=\"async\" src=\"https:\/\/www.europesays.com\/ch-fr\/wp-content\/uploads\/2026\/09\/d9da9550-29346355.image.jpeg\" alt=\"&quot;Les Indes&quot;, un film de Pauline Julier &amp; Nicolas Chapoulier [RTS]\" title=\"&quot;Les Indes&quot;, un film de Pauline Julier &amp; Nicolas Chapoulier [RTS]\" loading=\"lazy\"\/>  \u00ab\u00a0Les Indes\u00a0\u00bb, un film de Pauline Julier &amp; Nicolas Chapoulier [RTS] <\/p>\n<p>Alejandro, un jeune noble espagnol, est charg\u00e9 de remettre le portrait de l&rsquo;infante d&rsquo;Espagne au jeune Louis XIV, au cours d&rsquo;un p\u00e9riple destin\u00e9 \u00e0 sceller l&rsquo;alliance entre les deux couronnes. Fascin\u00e9 par les promesses du Nouveau Monde \u2013 des terres \u00e0 conqu\u00e9rir et de nouvelles routes commerciales \u00e0 ouvrir \u2013, il est accompagn\u00e9 de deux soldats fran\u00e7ais. Alors qu&rsquo;ils transportent le portrait \u00e0 travers une Europe ravag\u00e9e par la guerre et les r\u00e9voltes, les trois hommes s&rsquo;enfoncent dans des paysages de plus en plus sauvages et hostiles. Leur long et \u00e9prouvant voyage vers la cour de France devient une travers\u00e9e entre deux mondes, tandis que la voie vers l&rsquo;\u00e8re moderne naissante demeure incertaine.<\/p>\n","protected":false},"excerpt":{"rendered":"\u00ab\u00a0Les Indes\u00a0\u00bb, un film de Pauline Julier &amp; Nicolas Chapoulier [RTS] Alejandro, un jeune noble espagnol, est charg\u00e9&hellip;\n","protected":false},"author":2,"featured_media":289622,"comment_status":"","ping_status":"","sticky":false,"template":"","format":"standard","meta":{"footnotes":"","_share_on_mastodon":"0"},"categories":[10],"tags":[380,384,172,113,112,3950,139,63049,715,19882,23],"class_list":["post-289621","post","type-post","status-publish","format-standard","has-post-thumbnail","category-divertissement","tag-arts-et-divertissement","tag-cinema","tag-culture","tag-divertissement","tag-entertainment","tag-fiction","tag-film","tag-indes","tag-radio-television-suisse","tag-rts-fiction","tag-suisse"],"share_on_mastodon":{"url":"https:\/\/pubeurope.com\/@ch_fr\/117207226949166393","error":""},"_links":{"self":[{"href":"https:\/\/www.europesays.com\/ch-fr\/wp-json\/wp\/v2\/posts\/289621","targetHints":{"allow":["GET"]}}],"collection":[{"href":"https:\/\/www.europesays.com\/ch-fr\/wp-json\/wp\/v2\/posts"}],"about":[{"href":"https:\/\/www.europesays.com\/ch-fr\/wp-json\/wp\/v2\/types\/post"}],"author":[{"embeddable":true,"href":"https:\/\/www.europesays.com\/ch-fr\/wp-json\/wp\/v2\/users\/2"}],"replies":[{"embeddable":true,"href":"https:\/\/www.europesays.com\/ch-fr\/wp-json\/wp\/v2\/comments?post=289621"}],"version-history":[{"count":0,"href":"https:\/\/www.europesays.com\/ch-fr\/wp-json\/wp\/v2\/posts\/289621\/revisions"}],"wp:featuredmedia":[{"embeddable":true,"href":"https:\/\/www.europesays.com\/ch-fr\/wp-json\/wp\/v2\/media\/289622"}],"wp:attachment":[{"href":"https:\/\/www.europesays.com\/ch-fr\/wp-json\/wp\/v2\/media?parent=289621"}],"wp:term":[{"taxonomy":"category","embeddable":true,"href":"https:\/\/www.europesays.com\/ch-fr\/wp-json\/wp\/v2\/categories?post=289621"},{"taxonomy":"post_tag","embeddable":true,"href":"https:\/\/www.europesays.com\/ch-fr\/wp-json\/wp\/v2\/tags?post=289621"}],"curies":[{"name":"wp","href":"https:\/\/api.w.org\/{rel}","templated":true}]}}