{"id":289629,"date":"2026-09-03T13:01:11","date_gmt":"2026-09-03T13:01:11","guid":{"rendered":"https:\/\/www.europesays.com\/ch-fr\/289629\/"},"modified":"2026-09-03T13:01:11","modified_gmt":"2026-09-03T13:01:11","slug":"remontees-mecaniques-la-frequentation-bondit-de-7-cet-ete","status":"publish","type":"post","link":"https:\/\/www.europesays.com\/ch-fr\/289629\/","title":{"rendered":"Remont\u00e9es m\u00e9caniques : la fr\u00e9quentation bondit de 7% cet \u00e9t\u00e9"},"content":{"rendered":"<p>Les remont\u00e9es m\u00e9caniques suisses ont connu un \u00e9t\u00e9 particuli\u00e8rement favorable. De mai \u00e0 fin ao\u00fbt, leur fr\u00e9quentation a progress\u00e9 de 7% par rapport \u00e0 2025 et de 27% par rapport \u00e0 la moyenne des cinq derni\u00e8res ann\u00e9es, selon le bilan publi\u00e9 jeudi par Remont\u00e9es m\u00e9caniques suisses (RMS).<\/p>\n<p>Les stations de Suisse romande participent \u00e0 cette bonne dynamique. Dans les Alpes vaudoises et fribourgeoises, le nombre de premiers passages (nombre d&rsquo;h\u00f4tes) a augment\u00e9 de 5% sur un an. La progression atteint m\u00eame 28% par rapport \u00e0 la moyenne quinquennale. En Valais, la fr\u00e9quentation est rest\u00e9e stable par rapport \u00e0 l&rsquo;\u00e9t\u00e9 dernier, mais se situe 8% au-dessus de la moyenne des cinq derni\u00e8res ann\u00e9es.<\/p>\n<p>A l&rsquo;\u00e9chelle nationale, c&rsquo;est l&rsquo;Oberland bernois qui affiche la plus forte progression, avec une hausse de 21% sur un an et de 58% par rapport \u00e0 la moyenne quinquennale. Ce bond s&rsquo;explique notamment par le retour \u00e0 une exploitation compl\u00e8te du t\u00e9l\u00e9ph\u00e9rique du Schilthorn, fortement perturb\u00e9e par des travaux l&rsquo;an dernier. Les Grisons enregistrent pour leur part une hausse de 11% sur un an.<\/p>\n<p> &gt;&gt; Revoir le sujet du 19h30\u00a0:   <img decoding=\"async\" class=\"embed-responsive-item\" loading=\"lazy\" src=\"https:\/\/www.europesays.com\/ch-fr\/wp-content\/uploads\/2026\/09\/a6020211-29336109.image.jpeg\" alt=\"Les stations ont profit\u00e9 des touristes venus chercher de la fra\u00eecheur\"\/>    Les stations ont profit\u00e9 des touristes venus chercher de la fra\u00eecheur \/ 19h30 \/ 2 min. \/ le 23 ao\u00fbt 2026 Tendance de fond<\/p>\n<p>La m\u00e9t\u00e9o a favoris\u00e9 les excursions en montagne. Apr\u00e8s un mois de juillet d\u00e9j\u00e0 tr\u00e8s chaud, ao\u00fbt a affich\u00e9 une temp\u00e9rature moyenne sup\u00e9rieure de 3,5 degr\u00e9s \u00e0 la norme 1991-2020, avec un ensoleillement \u00e9galement sup\u00e9rieur \u00e0 la moyenne.<\/p>\n<p>Selon RMS, la fr\u00e9quentation a repos\u00e9 sur une client\u00e8le diversifi\u00e9e. Les visiteurs suisses et des pays voisins sont rest\u00e9s nombreux, tandis que la client\u00e8le nord-am\u00e9ricaine a progress\u00e9. Cette \u00e9volution a permis, dans la plupart des r\u00e9gions, de compenser le recul des visiteurs asiatiques.<\/p>\n<p>Au-del\u00e0 des conditions m\u00e9t\u00e9orologiques favorables de cet \u00e9t\u00e9, RMS voit dans ces r\u00e9sultats la confirmation d&rsquo;une tendance de fond. Les remont\u00e9es m\u00e9caniques ont d\u00e9velopp\u00e9 ces derni\u00e8res ann\u00e9es leurs activit\u00e9s estivales afin d&rsquo;attirer une client\u00e8le plus large. La fr\u00e9quentation sup\u00e9rieure de 27% \u00e0 la moyenne des cinq derni\u00e8res ann\u00e9es t\u00e9moigne, selon la fa\u00eeti\u00e8re, de l&rsquo;attrait croissant de la montagne en dehors de la saison d&rsquo;hiver.<\/p>\n<p class=\"sources\">ats\/ami<\/p>\n","protected":false},"excerpt":{"rendered":"Les remont\u00e9es m\u00e9caniques suisses ont connu un \u00e9t\u00e9 particuli\u00e8rement favorable. De mai \u00e0 fin ao\u00fbt, leur fr\u00e9quentation a&hellip;\n","protected":false},"author":2,"featured_media":289630,"comment_status":"","ping_status":"","sticky":false,"template":"","format":"standard","meta":{"footnotes":"","_share_on_mastodon":"0"},"categories":[6],"tags":[45,15329,1320,44,344,43,355,347,32617,304,7972,23,63050,63051,351],"class_list":["post-289629","post","type-post","status-publish","format-standard","has-post-thumbnail","category-economie","tag-business","tag-canicule","tag-changement-climatique","tag-economie","tag-economie-et-finances","tag-economy","tag-environnement","tag-loisirs","tag-montagnes","tag-nature","tag-remontee-mecanique","tag-suisse","tag-tendance-boursiere","tag-tourisme-en-montagne","tag-vie-quotidienne-et-loisirs"],"share_on_mastodon":{"url":"https:\/\/pubeurope.com\/@ch_fr\/117207242619272753","error":""},"_links":{"self":[{"href":"https:\/\/www.europesays.com\/ch-fr\/wp-json\/wp\/v2\/posts\/289629","targetHints":{"allow":["GET"]}}],"collection":[{"href":"https:\/\/www.europesays.com\/ch-fr\/wp-json\/wp\/v2\/posts"}],"about":[{"href":"https:\/\/www.europesays.com\/ch-fr\/wp-json\/wp\/v2\/types\/post"}],"author":[{"embeddable":true,"href":"https:\/\/www.europesays.com\/ch-fr\/wp-json\/wp\/v2\/users\/2"}],"replies":[{"embeddable":true,"href":"https:\/\/www.europesays.com\/ch-fr\/wp-json\/wp\/v2\/comments?post=289629"}],"version-history":[{"count":0,"href":"https:\/\/www.europesays.com\/ch-fr\/wp-json\/wp\/v2\/posts\/289629\/revisions"}],"wp:featuredmedia":[{"embeddable":true,"href":"https:\/\/www.europesays.com\/ch-fr\/wp-json\/wp\/v2\/media\/289630"}],"wp:attachment":[{"href":"https:\/\/www.europesays.com\/ch-fr\/wp-json\/wp\/v2\/media?parent=289629"}],"wp:term":[{"taxonomy":"category","embeddable":true,"href":"https:\/\/www.europesays.com\/ch-fr\/wp-json\/wp\/v2\/categories?post=289629"},{"taxonomy":"post_tag","embeddable":true,"href":"https:\/\/www.europesays.com\/ch-fr\/wp-json\/wp\/v2\/tags?post=289629"}],"curies":[{"name":"wp","href":"https:\/\/api.w.org\/{rel}","templated":true}]}}