{"id":289651,"date":"2026-09-03T13:20:14","date_gmt":"2026-09-03T13:20:14","guid":{"rendered":"https:\/\/www.europesays.com\/ch-fr\/289651\/"},"modified":"2026-09-03T13:20:14","modified_gmt":"2026-09-03T13:20:14","slug":"quatre-personnes-dont-deux-enfants-retrouves-morts-en-haute-saone-2","status":"publish","type":"post","link":"https:\/\/www.europesays.com\/ch-fr\/289651\/","title":{"rendered":"Quatre personnes, dont deux enfants, retrouv\u00e9s morts en Haute-Sa\u00f4ne"},"content":{"rendered":"<p class=\"wysiwyg-h2\">Les corps de quatre personnes d&rsquo;une m\u00eame famille ont \u00e9t\u00e9 d\u00e9couverts dans la commune de Gy, dans le d\u00e9partement fran\u00e7ais de la Haute-Sa\u00f4ne, a-t-on appris jeudi aupr\u00e8s d&rsquo;une source officielle. Parmi les victimes figurent deux enfants de six et neuf ans<\/p>\n<p>Les cadavres ont \u00e9t\u00e9 d\u00e9couverts mercredi soir sur un terrain abritant des caravanes dans cette commune situ\u00e9e pr\u00e8s de Besan\u00e7on, a pr\u00e9cis\u00e9 cette source, qui a requis l&rsquo;anonymat, confirmant une information de L&rsquo;Est r\u00e9publicain.<\/p>\n<p>&lsquo;On a retrouv\u00e9 quatre corps, dont ceux de deux gar\u00e7ons \u00e2g\u00e9s de six et neuf ans hier soir vers 20h00&rsquo;, a d\u00e9clar\u00e9 la source. D&rsquo;apr\u00e8s le quotidien r\u00e9gional, le p\u00e8re de famille aurait tu\u00e9 ses proches \u00e0 l&rsquo;aide d&rsquo;une arme \u00e0 feu avant de retourner le fusil contre lui. La quatri\u00e8me victime serait sa belle-m\u00e8re.<\/p>\n<p>&lsquo;Il s&rsquo;agit d&rsquo;un couple en instance de divorce, qui \u00e9tait en train de construire une maison&rsquo;, selon la source officielle, pr\u00e9cisant que le p\u00e8re de famille appartenait \u00e0 la communaut\u00e9 des gens du voyage. Un des corps a \u00e9t\u00e9 retrouv\u00e9 \u00e0 bord d&rsquo;un v\u00e9hicule utilitaire et les trois autres dans un mobil-home, selon L&rsquo;Est r\u00e9publicain.<\/p>\n<p>Le maire de la commune d&rsquo;un millier d&rsquo;habitants s&rsquo;est rendu sur les lieux avant de r\u00e9unir un conseil municipal extraordinaire. Sollicit\u00e9, le parquet de Vesoul n&rsquo;avait pas r\u00e9pondu jeudi matin aux questions de l&rsquo;AFP.<\/p>\n<p> \/ATS<\/p>\n","protected":false},"excerpt":{"rendered":"Les corps de quatre personnes d&rsquo;une m\u00eame famille ont \u00e9t\u00e9 d\u00e9couverts dans la commune de Gy, dans le&hellip;\n","protected":false},"author":2,"featured_media":289652,"comment_status":"","ping_status":"","sticky":false,"template":"","format":"standard","meta":{"footnotes":"","_share_on_mastodon":"0"},"categories":[5],"tags":[121,124,128,119,122,123,40,118,136,132,131,133,130,135,120,126,117,125,114,115,116,129,127,41,42,134],"class_list":["post-289651","post","type-post","status-publish","format-standard","has-post-thumbnail","category-international","tag-ajoie","tag-animation","tag-bienne","tag-delemont","tag-franches-montagnes","tag-frequence","tag-international","tag-jura","tag-jura-bernois","tag-la-chaux-de-fonds","tag-moutier","tag-neuchatel","tag-neuveville","tag-payerne","tag-porrentruy","tag-publicite","tag-radio","tag-redaction","tag-rfj","tag-rjb","tag-rtn","tag-tavannes","tag-vallon-de-st-imier","tag-world","tag-world-news","tag-yverdon"],"share_on_mastodon":{"url":"https:\/\/pubeurope.com\/@ch_fr\/117207317010140999","error":""},"_links":{"self":[{"href":"https:\/\/www.europesays.com\/ch-fr\/wp-json\/wp\/v2\/posts\/289651","targetHints":{"allow":["GET"]}}],"collection":[{"href":"https:\/\/www.europesays.com\/ch-fr\/wp-json\/wp\/v2\/posts"}],"about":[{"href":"https:\/\/www.europesays.com\/ch-fr\/wp-json\/wp\/v2\/types\/post"}],"author":[{"embeddable":true,"href":"https:\/\/www.europesays.com\/ch-fr\/wp-json\/wp\/v2\/users\/2"}],"replies":[{"embeddable":true,"href":"https:\/\/www.europesays.com\/ch-fr\/wp-json\/wp\/v2\/comments?post=289651"}],"version-history":[{"count":0,"href":"https:\/\/www.europesays.com\/ch-fr\/wp-json\/wp\/v2\/posts\/289651\/revisions"}],"wp:featuredmedia":[{"embeddable":true,"href":"https:\/\/www.europesays.com\/ch-fr\/wp-json\/wp\/v2\/media\/289652"}],"wp:attachment":[{"href":"https:\/\/www.europesays.com\/ch-fr\/wp-json\/wp\/v2\/media?parent=289651"}],"wp:term":[{"taxonomy":"category","embeddable":true,"href":"https:\/\/www.europesays.com\/ch-fr\/wp-json\/wp\/v2\/categories?post=289651"},{"taxonomy":"post_tag","embeddable":true,"href":"https:\/\/www.europesays.com\/ch-fr\/wp-json\/wp\/v2\/tags?post=289651"}],"curies":[{"name":"wp","href":"https:\/\/api.w.org\/{rel}","templated":true}]}}