{"id":289683,"date":"2026-09-03T13:53:15","date_gmt":"2026-09-03T13:53:15","guid":{"rendered":"https:\/\/www.europesays.com\/ch-fr\/289683\/"},"modified":"2026-09-03T13:53:15","modified_gmt":"2026-09-03T13:53:15","slug":"jessica-pegula-et-daniil-medvedev-filent-au-troisieme-tour-2","status":"publish","type":"post","link":"https:\/\/www.europesays.com\/ch-fr\/289683\/","title":{"rendered":"Jessica Pegula et Daniil Medvedev filent au troisi\u00e8me tour"},"content":{"rendered":"<p class=\"wysiwyg-h2\">L&rsquo;Am\u00e9ricaine Jessica Pegula (WTA 3) s&rsquo;est ais\u00e9ment qualifi\u00e9e mercredi pour le troisi\u00e8me tour de l&rsquo;US Open. Ceci en \u00e9cartant 6-3 6-1 sa compatriote Sofia Kenin (110e).<\/p>\n<p>La finaliste de l&rsquo;\u00e9dition 2024 aura pour prochaine adversaire une autre ancienne finaliste, la Canadienne Leylah Fernandez (33e), priv\u00e9e du titre \u00e0 New York par la Britannique Emma Raducanu en 2021.<\/p>\n<p>Avec Elena Rybakina (2e) et Coco Gauff (4e), Jessica Pegula fait partie des trois joueuses qui peuvent supplanter la no 1 mondiale Aryna Sabalenka au sommet du classement mondial en cas de bon parcours \u00e0 l&rsquo;US Open.<\/p>\n<p>La patronne bi\u00e9lorusse du circuit doit justement succ\u00e9der \u00e0 Pegula sur le Central en d\u00e9but de soir\u00e9e, pour y affronter la Russe Polina Iatcenko (160e), issue des qualifications.<\/p>\n<p>Medvedev continue<\/p>\n<p>Le vainqueur de l&rsquo;\u00e9dition 2021 Daniil Medvedev, 8e mondial, s&rsquo;est qualifi\u00e9 pour le troisi\u00e8me tour en battant 6-1 6-3 7-5 l&rsquo;Am\u00e9ricain Sebastian Gorzny (731e), invit\u00e9 par les organisateurs.<\/p>\n<p>En panne de r\u00e9sultats depuis le d\u00e9but de la tourn\u00e9e sur dur nord-am\u00e9ricaine, le Russe de 30 ans a domin\u00e9 l&rsquo;int\u00e9gralit\u00e9 de la rencontre, imp\u00e9rial au service (14 aces), c\u00e9dant une seule petite balle de break sur tout le match conclu en 2h06.<\/p>\n<p>Connu pour ses frasques, le Russe s&rsquo;est mis en col\u00e8re apr\u00e8s la d\u00e9cision de l&rsquo;arbitre de rejouer un point quand deux oiseaux pos\u00e9s sur le filet du court Louis-Armstrong se sont envol\u00e9s au milieu d&rsquo;un rallye entre les deux joueurs.<\/p>\n<p>Il affrontera au prochain tour le no 2 Fran\u00e7ais Arthur Rinderknech (29e) ou l&rsquo;Espagnol Jaume Munar (55e).<\/p>\n<p> \/ATS<\/p>\n","protected":false},"excerpt":{"rendered":"L&rsquo;Am\u00e9ricaine Jessica Pegula (WTA 3) s&rsquo;est ais\u00e9ment qualifi\u00e9e mercredi pour le troisi\u00e8me tour de l&rsquo;US Open. Ceci en&hellip;\n","protected":false},"author":2,"featured_media":289684,"comment_status":"","ping_status":"","sticky":false,"template":"","format":"standard","meta":{"footnotes":"","_share_on_mastodon":"0"},"categories":[8],"tags":[121,124,128,119,122,123,118,136,132,131,133,130,135,120,126,117,125,114,115,116,75,23,129,127,134],"class_list":["post-289683","post","type-post","status-publish","format-standard","has-post-thumbnail","category-sports","tag-ajoie","tag-animation","tag-bienne","tag-delemont","tag-franches-montagnes","tag-frequence","tag-jura","tag-jura-bernois","tag-la-chaux-de-fonds","tag-moutier","tag-neuchatel","tag-neuveville","tag-payerne","tag-porrentruy","tag-publicite","tag-radio","tag-redaction","tag-rfj","tag-rjb","tag-rtn","tag-sports","tag-suisse","tag-tavannes","tag-vallon-de-st-imier","tag-yverdon"],"share_on_mastodon":{"url":"https:\/\/pubeurope.com\/@ch_fr\/117207446802552251","error":""},"_links":{"self":[{"href":"https:\/\/www.europesays.com\/ch-fr\/wp-json\/wp\/v2\/posts\/289683","targetHints":{"allow":["GET"]}}],"collection":[{"href":"https:\/\/www.europesays.com\/ch-fr\/wp-json\/wp\/v2\/posts"}],"about":[{"href":"https:\/\/www.europesays.com\/ch-fr\/wp-json\/wp\/v2\/types\/post"}],"author":[{"embeddable":true,"href":"https:\/\/www.europesays.com\/ch-fr\/wp-json\/wp\/v2\/users\/2"}],"replies":[{"embeddable":true,"href":"https:\/\/www.europesays.com\/ch-fr\/wp-json\/wp\/v2\/comments?post=289683"}],"version-history":[{"count":0,"href":"https:\/\/www.europesays.com\/ch-fr\/wp-json\/wp\/v2\/posts\/289683\/revisions"}],"wp:featuredmedia":[{"embeddable":true,"href":"https:\/\/www.europesays.com\/ch-fr\/wp-json\/wp\/v2\/media\/289684"}],"wp:attachment":[{"href":"https:\/\/www.europesays.com\/ch-fr\/wp-json\/wp\/v2\/media?parent=289683"}],"wp:term":[{"taxonomy":"category","embeddable":true,"href":"https:\/\/www.europesays.com\/ch-fr\/wp-json\/wp\/v2\/categories?post=289683"},{"taxonomy":"post_tag","embeddable":true,"href":"https:\/\/www.europesays.com\/ch-fr\/wp-json\/wp\/v2\/tags?post=289683"}],"curies":[{"name":"wp","href":"https:\/\/api.w.org\/{rel}","templated":true}]}}