{"id":289689,"date":"2026-09-03T13:56:15","date_gmt":"2026-09-03T13:56:15","guid":{"rendered":"https:\/\/www.europesays.com\/ch-fr\/289689\/"},"modified":"2026-09-03T13:56:15","modified_gmt":"2026-09-03T13:56:15","slug":"un-ex-premier-ministre-derdogan-poursuivi-pour-insulte-au-president","status":"publish","type":"post","link":"https:\/\/www.europesays.com\/ch-fr\/289689\/","title":{"rendered":"Un ex-Premier ministre d&rsquo;Erdogan poursuivi pour \u00ab insulte au pr\u00e9sident \u00bb"},"content":{"rendered":"<p>Une enqu\u00eate pour \u00ab insulte au pr\u00e9sident \u00bb a \u00e9t\u00e9 ouverte contre l&rsquo;ancien Premier ministre turc Ahmet Davutoglu, en poste de 2014 \u00e0 2016 avant de passer dans l&rsquo;opposition, a annonc\u00e9 jeudi le parquet d&rsquo;Ankara. Le parquet \u00ab a ouvert une enqu\u00eate concernant des publications diffus\u00e9es sur les r\u00e9seaux sociaux et consid\u00e9r\u00e9es comme contenant des propos insultants envers le pr\u00e9sident \u00bb, a-t-il indiqu\u00e9 dans son communiqu\u00e9, sans plus de d\u00e9tails.<\/p>\n<p>Influent ministre des Affaires \u00e9trang\u00e8res (2009-2014) lorsque l&rsquo;actuel chef de l&rsquo;Etat turc, Recep Tayyip Erdogan, occupait les fonctions de Premier ministre, Ahmet Davutoglu avait dirig\u00e9 le premier gouvernement de ce dernier apr\u00e8s son \u00e9lection comme pr\u00e9sident en 2014.<\/p>\n<p>Longtemps alli\u00e9 jug\u00e9 fid\u00e8le et docile, il avait aussi dirig\u00e9 la formation politique cofond\u00e9e par M. Erdogan, le Parti de la justice et du d\u00e9veloppement (AKP, islamo-conservateur). Mais il avait fini par \u00eatre per\u00e7u comme un possible rival par le pr\u00e9sident et \u00e9t\u00e9 d\u00e9mis de ses fonctions de Premier ministre en 2016. Il \u00e9tait pass\u00e9 officiellement \u00e0 l&rsquo;opposition en fondant son propre parti en 2019, rejetant tout \u00ab culte de la personnalit\u00e9 \u00bb et appelant au respect de l&rsquo;Etat de droit, une pique \u00e0 peine voil\u00e9e \u00e0 l&rsquo;adresse du pr\u00e9sident, accus\u00e9 de d\u00e9rive autoritaire. Ahmet Davutoglu, 67 ans, avait dissous le mois dernier sa formation, annon\u00e7ant son retrait de la vie politique.<\/p>\n<p>Plusieurs dizaines de milliers de personnes, dont des journalistes, des artistes et des politiques, ont \u00e9t\u00e9 poursuivies ces derni\u00e8res ann\u00e9es en Turquie pour \u00ab insulte au pr\u00e9sident \u00bb, parfois en raison de publications sur les r\u00e9seaux sociaux vieilles de plusieurs ann\u00e9es.<\/p>\n","protected":false},"excerpt":{"rendered":"Une enqu\u00eate pour \u00ab insulte au pr\u00e9sident \u00bb a \u00e9t\u00e9 ouverte contre l&rsquo;ancien Premier ministre turc Ahmet Davutoglu,&hellip;\n","protected":false},"author":2,"featured_media":289690,"comment_status":"","ping_status":"","sticky":false,"template":"","format":"standard","meta":{"footnotes":"","_share_on_mastodon":"0"},"categories":[5],"tags":[63053,318,40,47058,27041,9199,41,42],"class_list":["post-289689","post","type-post","status-publish","format-standard","has-post-thumbnail","category-international","tag-akp","tag-enquete","tag-international","tag-recep-tayyip-erdogan","tag-repression","tag-turquie","tag-world","tag-world-news"],"share_on_mastodon":{"url":"https:\/\/pubeurope.com\/@ch_fr\/117207458593946737","error":""},"_links":{"self":[{"href":"https:\/\/www.europesays.com\/ch-fr\/wp-json\/wp\/v2\/posts\/289689","targetHints":{"allow":["GET"]}}],"collection":[{"href":"https:\/\/www.europesays.com\/ch-fr\/wp-json\/wp\/v2\/posts"}],"about":[{"href":"https:\/\/www.europesays.com\/ch-fr\/wp-json\/wp\/v2\/types\/post"}],"author":[{"embeddable":true,"href":"https:\/\/www.europesays.com\/ch-fr\/wp-json\/wp\/v2\/users\/2"}],"replies":[{"embeddable":true,"href":"https:\/\/www.europesays.com\/ch-fr\/wp-json\/wp\/v2\/comments?post=289689"}],"version-history":[{"count":0,"href":"https:\/\/www.europesays.com\/ch-fr\/wp-json\/wp\/v2\/posts\/289689\/revisions"}],"wp:featuredmedia":[{"embeddable":true,"href":"https:\/\/www.europesays.com\/ch-fr\/wp-json\/wp\/v2\/media\/289690"}],"wp:attachment":[{"href":"https:\/\/www.europesays.com\/ch-fr\/wp-json\/wp\/v2\/media?parent=289689"}],"wp:term":[{"taxonomy":"category","embeddable":true,"href":"https:\/\/www.europesays.com\/ch-fr\/wp-json\/wp\/v2\/categories?post=289689"},{"taxonomy":"post_tag","embeddable":true,"href":"https:\/\/www.europesays.com\/ch-fr\/wp-json\/wp\/v2\/tags?post=289689"}],"curies":[{"name":"wp","href":"https:\/\/api.w.org\/{rel}","templated":true}]}}