{"id":289697,"date":"2026-09-03T14:09:11","date_gmt":"2026-09-03T14:09:11","guid":{"rendered":"https:\/\/www.europesays.com\/ch-fr\/289697\/"},"modified":"2026-09-03T14:09:11","modified_gmt":"2026-09-03T14:09:11","slug":"premier-entretien-burnham-macron-pour-renforcer-les-relations-2","status":"publish","type":"post","link":"https:\/\/www.europesays.com\/ch-fr\/289697\/","title":{"rendered":"Premier entretien Burnham-Macron pour \u00ab renforcer \u00bb les relations"},"content":{"rendered":"<p class=\"wysiwyg-h2\">Le nouveau Premier ministre britannique Andy Burnham et le pr\u00e9sident fran\u00e7ais Emmanuel Macron ont affich\u00e9 jeudi \u00e0 Londres leur volont\u00e9 de &lsquo;renforcer&rsquo; les relations entre leurs deux pays mais aussi l&rsquo;UE, au lendemain d&rsquo;une rencontre autour de la tapisserie de Bayeux.<\/p>\n<p>Le pr\u00eat au British Museum pour un an de cette broderie mill\u00e9naire, d\u00e9crivant la conqu\u00eate de l&rsquo;Angleterre en l&rsquo;an 1066 par Guillaume le Conqu\u00e9rant, &lsquo;montre ce que notre collaboration peut permettre de r\u00e9aliser&rsquo;, a soulign\u00e9 le chef de gouvernement travailliste au d\u00e9but de l&rsquo;entretien, soulignant qu&rsquo;Emmanuel Macron \u00e9tait le premier dirigeant \u00e9tranger qu&rsquo;il accueillait au 10, Downing Street.<\/p>\n<p>Aux c\u00f4t\u00e9s de celui qu&rsquo;il a d\u00e9crit comme le &lsquo;plus proche voisin&rsquo; de son pays et un &lsquo;ami tr\u00e8s important&rsquo;, Andy Burnham a aussi \u00e9voqu\u00e9 un bilan positif de leur coop\u00e9ration &lsquo;sur l&rsquo;Ukraine&rsquo;, sur la lutte contre les travers\u00e9es de la Manche par des migrants \u00e0 bord de petites embarcations, et &lsquo;sur le renforcement de la relation entre le Royaume-Uni et l&rsquo;UE&rsquo;.<\/p>\n<p>Emmanuel Macron a lui assur\u00e9 avoir &lsquo;la volont\u00e9 et l&rsquo;engagement de nous rapprocher encore davantage&rsquo;.<\/p>\n<p>&lsquo;Sujets difficiles&rsquo;<\/p>\n<p>A l&rsquo;issue d&rsquo;un d\u00e9jeuner en pr\u00e9sence de leurs \u00e9pouses, le pr\u00e9sident fran\u00e7ais a salu\u00e9 une &lsquo;tr\u00e8s bonne discussion&rsquo; et s&rsquo;est dit &lsquo;tr\u00e8s heureux de l&rsquo;\u00e9change&rsquo; avec son h\u00f4te, avant de quitter Londres.<\/p>\n<p>A l&rsquo;approche d&rsquo;un sommet crucial entre l&rsquo;UE et le Royaume-Uni attendu d&rsquo;ici la fin de l&rsquo;ann\u00e9e, ce rapprochement \u00e9tait en haut de l&rsquo;agenda de cette premi\u00e8re rencontre.<\/p>\n<p>Interrog\u00e9 mercredi soir par des journalistes, le Premier ministre britannique avait dit vouloir s&rsquo;appuyer sur &lsquo;ce qui a \u00e9t\u00e9 accompli&rsquo; en la mati\u00e8re par son pr\u00e9d\u00e9cesseur Keir Starmer, lui aussi travailliste, auquel il a succ\u00e9d\u00e9 en juillet.<\/p>\n<p>&lsquo;Je pense que, dix ans apr\u00e8s le Brexit, les gens ici en ont assez des divisions. Ils voient que nous devons travailler plus \u00e9troitement ensemble&rsquo;, a-t-il d\u00e9clar\u00e9.<\/p>\n<p>Il a toutefois soulign\u00e9 qu&rsquo;il y avait des &lsquo;sujets difficiles&rsquo; sur lesquels il esp\u00e9rait &lsquo;trouver ensemble un moyen de surmonter&rsquo; les obstacles, citant le plan de l&rsquo;UE pour soutenir l&rsquo;industrie &lsquo;made in Europe&rsquo;, qui pourrait selon lui avoir des &lsquo;r\u00e9percussions sur l&rsquo;industrie sid\u00e9rurgique&rsquo; britannique.<\/p>\n<p>&lsquo;M\u00eame si nous ne sommes pas toujours d&rsquo;accord sur tout, nous nous respectons (&#8230;) et restons ouverts \u00e0 la discussion sur tous les sujets, y compris la relance des relations entre le Royaume-Uni et l&rsquo;Union europ\u00e9enne&rsquo;, avait de son c\u00f4t\u00e9 comment\u00e9 Emmanuel Macron dans son discours au British Museum.<\/p>\n<p>Paris veut \u00e9viter que Londres fasse du &lsquo;cherry-picking&rsquo;, autrement dit que les Britanniques ne retiennent du march\u00e9 int\u00e9rieur europ\u00e9en que ce qui les avantage.<\/p>\n<p>La lutte contre l&rsquo;arriv\u00e9e de migrants sur de petites embarcations via la Manche est \u00e9galement un sujet prioritaire pour Londres.<\/p>\n<p>Le gouvernement britannique, qui a enregistr\u00e9 cet \u00e9t\u00e9 le nombre le plus bas d&rsquo;arriv\u00e9es de migrants depuis 2019, a salu\u00e9 le succ\u00e8s de son accord de coop\u00e9ration avec la France, reconduit pour trois ans en avril, et Andy Burnham a plaid\u00e9 pour &lsquo;accomplir davantage encore&rsquo;.<\/p>\n<p>M\u00e9ga-canots<\/p>\n<p>Afin d&#8217;emp\u00eacher la travers\u00e9e de &lsquo;m\u00e9ga-canots&rsquo;, comme celui qui a r\u00e9cemment transport\u00e9 230 personnes \u00e0 son bord, une \u00e9quipe de 45 agents doit prochainement \u00eatre d\u00e9ploy\u00e9e sur les c\u00f4tes du nord-ouest de la France, soit &lsquo;un quasi-triplement&rsquo; des moyens dans cette zone, a fait savoir Downing Street dans un communiqu\u00e9.<\/p>\n<p>Autre sujet au menu : le renforcement de l&rsquo;aide \u00e0 l&rsquo;Ukraine \u00e0 l&rsquo;approche de l&rsquo;hiver, \u00e0 un moment o\u00f9 les attaques russes de drones et de missiles balistiques s&rsquo;intensifient et font un nombre croissant de victimes civiles.<\/p>\n<p>Andy Burnham a effectu\u00e9 le 24 ao\u00fbt sa premi\u00e8re visite \u00e0 Kiev, pour une r\u00e9union de la Coalition des volontaires &#8211; le groupe de pays qui soutiennent l&rsquo;Ukraine, que le Royaume-Uni codirige avec la France.<\/p>\n<p>Pendant sa visite au British Museum mercredi soir, le pr\u00e9sident fran\u00e7ais, qui quittera l&rsquo;\u00c9lys\u00e9e en mai, a dit esp\u00e9rer que son pays et le Royaume-Uni puissent &#8217;tisser un lien aussi \u00e9troit que les fils&rsquo; de la &lsquo;broderie mill\u00e9naire&rsquo;.<\/p>\n<p>\u00c9galement pr\u00e9sent, le roi Charles III, accompagn\u00e9 de la reine Camilla, a quant \u00e0 lui exprim\u00e9 &lsquo;une joie particuli\u00e8re&rsquo; \u00e0 la vue de cette oeuvre, dont le pr\u00eat constitue &lsquo;un pr\u00e9cieux symbole de confiance&rsquo;.<\/p>\n<p> \/ATS<\/p>\n","protected":false},"excerpt":{"rendered":"Le nouveau Premier ministre britannique Andy Burnham et le pr\u00e9sident fran\u00e7ais Emmanuel Macron ont affich\u00e9 jeudi \u00e0 Londres&hellip;\n","protected":false},"author":2,"featured_media":289698,"comment_status":"","ping_status":"","sticky":false,"template":"","format":"standard","meta":{"footnotes":"","_share_on_mastodon":"0"},"categories":[10],"tags":[121,124,128,119,113,112,122,123,118,136,132,131,133,130,135,120,126,117,125,114,115,116,23,129,127,134],"class_list":["post-289697","post","type-post","status-publish","format-standard","has-post-thumbnail","category-divertissement","tag-ajoie","tag-animation","tag-bienne","tag-delemont","tag-divertissement","tag-entertainment","tag-franches-montagnes","tag-frequence","tag-jura","tag-jura-bernois","tag-la-chaux-de-fonds","tag-moutier","tag-neuchatel","tag-neuveville","tag-payerne","tag-porrentruy","tag-publicite","tag-radio","tag-redaction","tag-rfj","tag-rjb","tag-rtn","tag-suisse","tag-tavannes","tag-vallon-de-st-imier","tag-yverdon"],"share_on_mastodon":{"url":"https:\/\/pubeurope.com\/@ch_fr\/117207509513927524","error":""},"_links":{"self":[{"href":"https:\/\/www.europesays.com\/ch-fr\/wp-json\/wp\/v2\/posts\/289697","targetHints":{"allow":["GET"]}}],"collection":[{"href":"https:\/\/www.europesays.com\/ch-fr\/wp-json\/wp\/v2\/posts"}],"about":[{"href":"https:\/\/www.europesays.com\/ch-fr\/wp-json\/wp\/v2\/types\/post"}],"author":[{"embeddable":true,"href":"https:\/\/www.europesays.com\/ch-fr\/wp-json\/wp\/v2\/users\/2"}],"replies":[{"embeddable":true,"href":"https:\/\/www.europesays.com\/ch-fr\/wp-json\/wp\/v2\/comments?post=289697"}],"version-history":[{"count":0,"href":"https:\/\/www.europesays.com\/ch-fr\/wp-json\/wp\/v2\/posts\/289697\/revisions"}],"wp:featuredmedia":[{"embeddable":true,"href":"https:\/\/www.europesays.com\/ch-fr\/wp-json\/wp\/v2\/media\/289698"}],"wp:attachment":[{"href":"https:\/\/www.europesays.com\/ch-fr\/wp-json\/wp\/v2\/media?parent=289697"}],"wp:term":[{"taxonomy":"category","embeddable":true,"href":"https:\/\/www.europesays.com\/ch-fr\/wp-json\/wp\/v2\/categories?post=289697"},{"taxonomy":"post_tag","embeddable":true,"href":"https:\/\/www.europesays.com\/ch-fr\/wp-json\/wp\/v2\/tags?post=289697"}],"curies":[{"name":"wp","href":"https:\/\/api.w.org\/{rel}","templated":true}]}}