{"id":289711,"date":"2026-09-03T14:16:16","date_gmt":"2026-09-03T14:16:16","guid":{"rendered":"https:\/\/www.europesays.com\/ch-fr\/289711\/"},"modified":"2026-09-03T14:16:16","modified_gmt":"2026-09-03T14:16:16","slug":"une-nouvelle-chaire-de-lunige-dediee-aux-risques-naturels","status":"publish","type":"post","link":"https:\/\/www.europesays.com\/ch-fr\/289711\/","title":{"rendered":"Une nouvelle chaire de l&rsquo;UNIGE d\u00e9di\u00e9e aux risques naturels"},"content":{"rendered":"<p class=\"wysiwyg-h2\">La Vall\u00e9e de Zermatt (VS) est un terrain id\u00e9al pour \u00e9tudier les risques naturels en montagne. Jeudi, la nouvelle chaire d\u00e9di\u00e9e de l&rsquo;Universit\u00e9 de Gen\u00e8ve (UNIGE) a pr\u00e9sent\u00e9 ses recherches \u00e0 Gr\u00e4chen, dans le Haut-Valais.<\/p>\n<p>Direction le &lsquo;Ritigraben&rsquo;, un site embl\u00e9matique pour \u00e9tudier les laves torrentielles, sur lesquelles se focalise la chaire dirig\u00e9e par Markus Stoffel. Ici, plus de 127 \u00e9v\u00e9nements ont \u00e9t\u00e9 repertori\u00e9s depuis 1570, explique le professeur de l&rsquo;UNIGE. Au fur et \u00e0 mesure, le lit du torrent s&rsquo;est creus\u00e9 de plusieurs m\u00e8tres.<\/p>\n<p>Le site fait partie des lieux \u00e9tudi\u00e9s par l&rsquo;\u00e9quipe de la chaire, qui cherche \u00e0 &lsquo;mieux comprendre \u00e0 quel degr\u00e9 le changement climatique va influencer ces processus et comment.&rsquo; Il s&rsquo;agit aussi de donner \u00e0 la population et aux autorit\u00e9s la possibilit\u00e9 de se pr\u00e9parer.<\/p>\n<p>Co-financ\u00e9e par le Fonds AXA pour le Progr\u00e8s humain et l&rsquo;UNIGE, la chaire dispose d&rsquo;un budget de 2,5 millions de francs. Sept scientifiques r\u00e9aliseront les recherches sur 5 ans.<\/p>\n<p> \/ATS<\/p>\n","protected":false},"excerpt":{"rendered":"La Vall\u00e9e de Zermatt (VS) est un terrain id\u00e9al pour \u00e9tudier les risques naturels en montagne. Jeudi, la&hellip;\n","protected":false},"author":2,"featured_media":289712,"comment_status":"","ping_status":"","sticky":false,"template":"","format":"standard","meta":{"footnotes":"","_share_on_mastodon":"0"},"categories":[4],"tags":[22,121,124,128,119,122,123,118,136,132,131,133,130,21,135,120,126,117,125,114,115,116,23,129,127,134],"class_list":["post-289711","post","type-post","status-publish","format-standard","has-post-thumbnail","category-actualites","tag-actualites","tag-ajoie","tag-animation","tag-bienne","tag-delemont","tag-franches-montagnes","tag-frequence","tag-jura","tag-jura-bernois","tag-la-chaux-de-fonds","tag-moutier","tag-neuchatel","tag-neuveville","tag-news","tag-payerne","tag-porrentruy","tag-publicite","tag-radio","tag-redaction","tag-rfj","tag-rjb","tag-rtn","tag-suisse","tag-tavannes","tag-vallon-de-st-imier","tag-yverdon"],"share_on_mastodon":{"url":"https:\/\/pubeurope.com\/@ch_fr\/117207537281149346","error":""},"_links":{"self":[{"href":"https:\/\/www.europesays.com\/ch-fr\/wp-json\/wp\/v2\/posts\/289711","targetHints":{"allow":["GET"]}}],"collection":[{"href":"https:\/\/www.europesays.com\/ch-fr\/wp-json\/wp\/v2\/posts"}],"about":[{"href":"https:\/\/www.europesays.com\/ch-fr\/wp-json\/wp\/v2\/types\/post"}],"author":[{"embeddable":true,"href":"https:\/\/www.europesays.com\/ch-fr\/wp-json\/wp\/v2\/users\/2"}],"replies":[{"embeddable":true,"href":"https:\/\/www.europesays.com\/ch-fr\/wp-json\/wp\/v2\/comments?post=289711"}],"version-history":[{"count":0,"href":"https:\/\/www.europesays.com\/ch-fr\/wp-json\/wp\/v2\/posts\/289711\/revisions"}],"wp:featuredmedia":[{"embeddable":true,"href":"https:\/\/www.europesays.com\/ch-fr\/wp-json\/wp\/v2\/media\/289712"}],"wp:attachment":[{"href":"https:\/\/www.europesays.com\/ch-fr\/wp-json\/wp\/v2\/media?parent=289711"}],"wp:term":[{"taxonomy":"category","embeddable":true,"href":"https:\/\/www.europesays.com\/ch-fr\/wp-json\/wp\/v2\/categories?post=289711"},{"taxonomy":"post_tag","embeddable":true,"href":"https:\/\/www.europesays.com\/ch-fr\/wp-json\/wp\/v2\/tags?post=289711"}],"curies":[{"name":"wp","href":"https:\/\/api.w.org\/{rel}","templated":true}]}}