{"id":289713,"date":"2026-09-03T14:27:18","date_gmt":"2026-09-03T14:27:18","guid":{"rendered":"https:\/\/www.europesays.com\/ch-fr\/289713\/"},"modified":"2026-09-03T14:27:18","modified_gmt":"2026-09-03T14:27:18","slug":"mort-de-tim-curry-les-causes-du-deces-du-celebre-acteur-anglais-officiellement-devoilees","status":"publish","type":"post","link":"https:\/\/www.europesays.com\/ch-fr\/289713\/","title":{"rendered":"Mort de Tim Curry : Les causes du d\u00e9c\u00e8s du c\u00e9l\u00e8bre acteur anglais officiellement d\u00e9voil\u00e9es"},"content":{"rendered":"<p>Une semaine apr\u00e8s le d\u00e9c\u00e8s de Tim Curry \u00e0 l&rsquo;\u00e2ge de 80 ans, le magazine People a r\u00e9v\u00e9l\u00e9 en exclusivit\u00e9 les causes de sa disparition.<\/p>\n<p>Tim Curry, mythique interpr\u00e8te du clown dans la mini-s\u00e9rie \u00c7a (1990), est mort paisiblement \u00e0 son domicile de Toluca Lake, \u00e0 Los Angeles, le 25 ao\u00fbt dernier. Une information r\u00e9v\u00e9l\u00e9e par son agent au magazine People via un communiqu\u00e9 publi\u00e9 le 26 ao\u00fbt dernier. Tr\u00e8s discret sur sa vie priv\u00e9e, Tim Curry n&rsquo;a jamais \u00e9t\u00e9 mari\u00e9 et n&rsquo;a pas d&rsquo;enfants.<\/p>\n<p>Mercredi 2 septembre, nos confr\u00e8res ont d\u00e9voil\u00e9 <a href=\"https:\/\/people.com\/tim-curry-cause-of-death-revealed-12068616\" rel=\"nofollow noopener\" target=\"_blank\">en exclusivit\u00e9<\/a> les causes de sa mort. D&rsquo;apr\u00e8s des documents du service de sant\u00e9 publique du comt\u00e9 de Los Angeles obtenus par le m\u00e9dia, l&rsquo;acteur est mort d\u2019une maladie coronarienne. Le rapport mentionne \u00e9galement ses ant\u00e9c\u00e9dents d&rsquo;AVC et un cancer du rein comme facteurs aggravants.<\/p>\n<p>Mort de Tim Curry : Un premier AVC qui avait boulevers\u00e9 sa vie \u00e0 l&rsquo;\u00e2ge de 66 ans<\/p>\n<p>Aucune intervention chirurgicale n&rsquo;a \u00e9t\u00e9 pratiqu\u00e9e pour sa maladie coronarienne, son cancer du rein ou son AVC. Pour rappel, l&rsquo;acteur se d\u00e9pla\u00e7ait en fauteuil roulant depuis un premier AVC survenu en juin 2012. En septembre 2025, il avait donn\u00e9 de ses nouvelles.<\/p>\n<p>\u00ab\u00a0Je ne peux pas marcher, c&rsquo;est pour cela que je suis dans ce stupide fauteuil, et c&rsquo;est tr\u00e8s limitant. J&rsquo;ai encore de vrais probl\u00e8mes avec ma jambe gauche\u00a0\u00bb, disait-il lors d&rsquo;une projection du 50e anniversaire du <a href=\"https:\/\/www.programme-tv.net\/news\/cinema\/277698-the-rocky-horror-picture-show-disney-comment-cette-comedie-musicale-est-passee-de-gros-rate-a-film-culte\/\" data-api-deeplink=\"teleloisirs:\/\/news\/277698\" rel=\"nofollow noopener\" target=\"_blank\">Rocky Horror Picture Show<\/a> au Mus\u00e9e de l&rsquo;Acad\u00e9mie de Los Angeles.<\/p>\n<p>Tim Curry : Un com\u00e9dien culte et polyvalent<\/p>\n<p>La carri\u00e8re de Tim Curry a \u00e9t\u00e9 marqu\u00e9e par son r\u00f4le du Dr Frank-N-Furter dans The Rocky Horror Picture Show (1975), mais aussi par ses performances en tant que majordome dans Clue (1985), celle du Seigneur des T\u00e9n\u00e8bres dans Legend (1985) ou encore le clown Grippe-Sou (Pennywise) dans l&rsquo;adaptation t\u00e9l\u00e9vis\u00e9e de \u00c7a (1990) qui a marqu\u00e9 toute une g\u00e9n\u00e9ration.<\/p>\n<p>Il a aussi brill\u00e9 au th\u00e9\u00e2tre dans des pi\u00e8ces telles qu&rsquo;Amadeus, Love Letters, The Wall, Once Upon a Time, After Haggerty, Titus Andronicus ou encore Spamalot avant de se lancer dans le doublage. Il a pr\u00eat\u00e9 sa voix \u00e0 des dizaines de personnages de dessins anim\u00e9s comme La Famille Delajungle (1998-2004) et de jeux vid\u00e9os.<\/p>\n","protected":false},"excerpt":{"rendered":"Une semaine apr\u00e8s le d\u00e9c\u00e8s de Tim Curry \u00e0 l&rsquo;\u00e2ge de 80 ans, le magazine People a r\u00e9v\u00e9l\u00e9&hellip;\n","protected":false},"author":2,"featured_media":289714,"comment_status":"","ping_status":"","sticky":false,"template":"","format":"standard","meta":{"footnotes":"","_share_on_mastodon":"0"},"categories":[10],"tags":[701,2939,2773,63057,489,113,112,63054,8372,320,23,63056,63055],"class_list":["post-289713","post","type-post","status-publish","format-standard","has-post-thumbnail","category-divertissement","tag-bande-annonce","tag-channel_bandes-annonces","tag-cinu00e9ma","tag-clown","tag-commentaire","tag-divertissement","tag-entertainment","tag-guid_5378925116001","tag-horreur","tag-mort","tag-suisse","tag-u00e7a","tag-uuid_1691c32b-300f-4e5a-a290-d0f3e082d859"],"share_on_mastodon":{"url":"https:\/\/pubeurope.com\/@ch_fr\/117207580358683756","error":""},"_links":{"self":[{"href":"https:\/\/www.europesays.com\/ch-fr\/wp-json\/wp\/v2\/posts\/289713","targetHints":{"allow":["GET"]}}],"collection":[{"href":"https:\/\/www.europesays.com\/ch-fr\/wp-json\/wp\/v2\/posts"}],"about":[{"href":"https:\/\/www.europesays.com\/ch-fr\/wp-json\/wp\/v2\/types\/post"}],"author":[{"embeddable":true,"href":"https:\/\/www.europesays.com\/ch-fr\/wp-json\/wp\/v2\/users\/2"}],"replies":[{"embeddable":true,"href":"https:\/\/www.europesays.com\/ch-fr\/wp-json\/wp\/v2\/comments?post=289713"}],"version-history":[{"count":0,"href":"https:\/\/www.europesays.com\/ch-fr\/wp-json\/wp\/v2\/posts\/289713\/revisions"}],"wp:featuredmedia":[{"embeddable":true,"href":"https:\/\/www.europesays.com\/ch-fr\/wp-json\/wp\/v2\/media\/289714"}],"wp:attachment":[{"href":"https:\/\/www.europesays.com\/ch-fr\/wp-json\/wp\/v2\/media?parent=289713"}],"wp:term":[{"taxonomy":"category","embeddable":true,"href":"https:\/\/www.europesays.com\/ch-fr\/wp-json\/wp\/v2\/categories?post=289713"},{"taxonomy":"post_tag","embeddable":true,"href":"https:\/\/www.europesays.com\/ch-fr\/wp-json\/wp\/v2\/tags?post=289713"}],"curies":[{"name":"wp","href":"https:\/\/api.w.org\/{rel}","templated":true}]}}