{"id":289729,"date":"2026-09-03T14:40:11","date_gmt":"2026-09-03T14:40:11","guid":{"rendered":"https:\/\/www.europesays.com\/ch-fr\/289729\/"},"modified":"2026-09-03T14:40:11","modified_gmt":"2026-09-03T14:40:11","slug":"letoile-de-dolly-parton-sur-le-walk-of-fame-vandalisee-une-semaine-apres-sa-mort","status":"publish","type":"post","link":"https:\/\/www.europesays.com\/ch-fr\/289729\/","title":{"rendered":"L\u2019\u00e9toile de Dolly Parton sur le Walk of Fame vandalis\u00e9e, une semaine apr\u00e8s sa mort"},"content":{"rendered":"<p>\n    L\u2019\u00e9toile de la reine de la musique country a \u00e9t\u00e9 retrouv\u00e9e avec des marques de graffiti et de rayures sur son nom. Les autorit\u00e9s ont annonc\u00e9 sa restauration, qui sera visible d\u00e8s vendredi.<\/p>\n<p class=\"fig-paragraph\">Une triste nouvelle. Une semaine apr\u00e8s le\u00a0<a href=\"http:\/\/www.lefigaro.fr\/musique\/dolly-parton-reine-de-la-country-est-morte-a-l-age-de-80-ans-20260825\" data-fig-type=\"NewsFlash\" data-gtm-custom-categorie=\"navigation\" data-gtm-custom-action=\"crossclick\" data-gtm-custom-label=\"Contextuel\" data-gtm-event=\"customEventSPE\" data-fig-domain=\"LEFIGARO\" rel=\"nofollow noopener\" target=\"_blank\">d\u00e9c\u00e8s de Dolly Parton<\/a>, reine de la musique country, le 25 ao\u00fbt \u00e0 l\u2019\u00e2ge de 80 ans, son \u00e9toile sur le Walk of Fame a \u00e9t\u00e9 vandalis\u00e9e.<\/p>\n<p class=\"fig-paragraph\">Des photos et des vid\u00e9os partag\u00e9es sur les r\u00e9seaux sociaux, lundi 31 ao\u00fbt, montraient l\u2019\u00e9toile de la chanteuse couverte de rayures et de graffiti. Une fan a racont\u00e9 sur le r\u00e9seau social Threads, \u00eatre venue, avec sa fille, d\u00e9poser des fleurs en\u00a0<a href=\"http:\/\/www.lefigaro.fr\/flash-actu\/les-gardes-du-palais-de-buckingham-interpretent-9-to-5-en-hommage-a-dolly-parton-20260826\" data-fig-type=\"NewsFlash\" data-gtm-custom-categorie=\"navigation\" data-gtm-custom-action=\"crossclick\" data-gtm-custom-label=\"Contextuel\" data-gtm-event=\"customEventSPE\" data-fig-domain=\"LEFIGARO\" rel=\"nofollow noopener\" target=\"_blank\">hommage \u00e0 l\u2019ic\u00f4ne<\/a>, pour d\u00e9couvrir que \u00ab quelqu\u2019un avait d\u00e9cid\u00e9 de faire \u00e7a environ dix minutes avant [leur] arriv\u00e9e\u00a0\u00bb. Un agent d\u2019entretien \u00e9tait en train de nettoyer les d\u00e9g\u00e2ts et a expliqu\u00e9 qu\u2019une femme avait donn\u00e9 des coups de pied dans des bougies, puis utilis\u00e9 les \u00e9clats de l\u2019une d\u2019elles pour rayer l\u2019\u00e9toile. \u00abEnsuite, un homme est venu et a vol\u00e9 les fleurs qui \u00e9taient l\u00e0\u00a0\u00bb, a-t-elle ajout\u00e9.<\/p>\n<p class=\"fig-body-link\">\n            \u00c0 lire aussi<br \/>\n        <a class=\"fig-body-link__link\" href=\"http:\/\/www.lefigaro.fr\/musique\/jolene-i-will-always-love-you-9-to-5-les-dix-titres-iconiques-de-dolly-parton-morte-a-80-ans-20260825\" target=\"_blank\" data-fig-type=\"NewsFlash\" rel=\"noopener nofollow\" data-gtm-custom-categorie=\"navigation\" data-gtm-custom-action=\"crossclick\" data-gtm-custom-label=\"Contextuel\" data-gtm-event=\"customEventSPE\" data-fig-domain=\"LEFIGARO\"><br \/>\n                Jolene, I Will Always Love You, 9 to 5&#8230; Les dix titres iconiques de Dolly Parton, l\u2019ic\u00f4ne de la country morte \u00e0 80 ans<br \/>\n    <\/a>\n<\/p>\n<p>                                            <a class=\"fig-a11y-skip\" href=\"#fig-a11y-skip-main-inarticle\" is=\"fig-a11y-skip\" data-trigger-mode=\"visible-once\"><br \/>\n    Passer la publicit\u00e9<br \/>\n<\/a>            <\/p>\n<p>                                            Restauration en cours<\/p>\n<p class=\"fig-paragraph\">Ana Martinez, porte-parole de la chambre de Commerce de Hollywood, a indiqu\u00e9 que \u00ab l\u2019\u00e9toile de Dolly pr\u00e9sentait d\u00e9j\u00e0 des fissures et que la Chambre avait pr\u00e9vu de la faire r\u00e9parer mardi 1er septembre\u00bb. Le Hollywood Historic Trust, qui entretient les \u00e9toiles, a annonc\u00e9 sur Instagram \u00eatre \u00ab fier d\u2019honorer la m\u00e9moire de Dolly Parton en rempla\u00e7ant son \u00e9toile. La nouvelle \u00e9toile sera visible d\u00e8s ce vendredi\u00a0\u00bb.<\/p>\n<p class=\"fig-paragraph\">Auteure-compositrice et interpr\u00e8te de Jolene ou de 9 to 5,\u00a0<a href=\"http:\/\/www.lefigaro.fr\/livres\/imagination-library-un-heritage-de-dolly-parton-au-service-des-enfants-20260829\" data-fig-type=\"NewsFlash\" data-gtm-custom-categorie=\"navigation\" data-gtm-custom-action=\"crossclick\" data-gtm-custom-label=\"Contextuel\" data-gtm-event=\"customEventSPE\" data-fig-domain=\"LEFIGARO\" rel=\"nofollow noopener\" target=\"_blank\">Dolly Parton<\/a>\u00a0a remport\u00e9 11 Grammy Awards et vendu plus de 100 millions de disques en 60 ans de carri\u00e8re. Apr\u00e8s sa mort, de nombreuses personnalit\u00e9s, de Bill Clinton, Mick Jagger,\u00a0<a href=\"http:\/\/www.lefigaro.fr\/musique\/a-36-ans-taylor-swift-devient-la-plus-jeune-artiste-intronisee-au-pantheon-des-auteurs-compositeurs-de-nashville-20260813\" data-fig-type=\"NewsFlash\" data-gtm-custom-categorie=\"navigation\" data-gtm-custom-action=\"crossclick\" data-gtm-custom-label=\"Contextuel\" data-gtm-event=\"customEventSPE\" data-fig-domain=\"LEFIGARO\" rel=\"nofollow noopener\" target=\"_blank\">Taylor Swift<\/a>, Miley Cyrus,\u00a0<a href=\"http:\/\/www.lefigaro.fr\/cinema\/george-clooney-julia-roberts-et-brad-pitt-devraient-se-retrouver-sur-le-tournage-d-ocean-s-14-20251012\" data-fig-type=\"NewsFlash\" data-gtm-custom-categorie=\"navigation\" data-gtm-custom-action=\"crossclick\" data-gtm-custom-label=\"Contextuel\" data-gtm-event=\"customEventSPE\" data-fig-domain=\"LEFIGARO\" rel=\"nofollow noopener\" target=\"_blank\">Julia Roberts<\/a>, Jeff Bezos ou encore Tim Cook, ont rendu hommage \u00e0 la chanteuse.<\/p>\n","protected":false},"excerpt":{"rendered":"L\u2019\u00e9toile de la reine de la musique country a \u00e9t\u00e9 retrouv\u00e9e avec des marques de graffiti et de&hellip;\n","protected":false},"author":2,"featured_media":289730,"comment_status":"","ping_status":"","sticky":false,"template":"","format":"standard","meta":{"footnotes":"","_share_on_mastodon":"0"},"categories":[15],"tags":[158,157,113,44316,112,1444,159,23,53233],"class_list":["post-289729","post","type-post","status-publish","format-standard","has-post-thumbnail","category-people","tag-celebrities","tag-celebrity","tag-divertissement","tag-dolly-parton","tag-entertainment","tag-hollywood","tag-people","tag-suisse","tag-walk-of-fame"],"share_on_mastodon":{"url":"https:\/\/pubeurope.com\/@ch_fr\/117207631671274896","error":""},"_links":{"self":[{"href":"https:\/\/www.europesays.com\/ch-fr\/wp-json\/wp\/v2\/posts\/289729","targetHints":{"allow":["GET"]}}],"collection":[{"href":"https:\/\/www.europesays.com\/ch-fr\/wp-json\/wp\/v2\/posts"}],"about":[{"href":"https:\/\/www.europesays.com\/ch-fr\/wp-json\/wp\/v2\/types\/post"}],"author":[{"embeddable":true,"href":"https:\/\/www.europesays.com\/ch-fr\/wp-json\/wp\/v2\/users\/2"}],"replies":[{"embeddable":true,"href":"https:\/\/www.europesays.com\/ch-fr\/wp-json\/wp\/v2\/comments?post=289729"}],"version-history":[{"count":0,"href":"https:\/\/www.europesays.com\/ch-fr\/wp-json\/wp\/v2\/posts\/289729\/revisions"}],"wp:featuredmedia":[{"embeddable":true,"href":"https:\/\/www.europesays.com\/ch-fr\/wp-json\/wp\/v2\/media\/289730"}],"wp:attachment":[{"href":"https:\/\/www.europesays.com\/ch-fr\/wp-json\/wp\/v2\/media?parent=289729"}],"wp:term":[{"taxonomy":"category","embeddable":true,"href":"https:\/\/www.europesays.com\/ch-fr\/wp-json\/wp\/v2\/categories?post=289729"},{"taxonomy":"post_tag","embeddable":true,"href":"https:\/\/www.europesays.com\/ch-fr\/wp-json\/wp\/v2\/tags?post=289729"}],"curies":[{"name":"wp","href":"https:\/\/api.w.org\/{rel}","templated":true}]}}