{"id":289737,"date":"2026-09-03T14:47:07","date_gmt":"2026-09-03T14:47:07","guid":{"rendered":"https:\/\/www.europesays.com\/ch-fr\/289737\/"},"modified":"2026-09-03T14:47:07","modified_gmt":"2026-09-03T14:47:07","slug":"cyclisme-encore-marque-par-sa-chute-tadej-pogacar-quitte-lhopital-avec-plusieurs-sequelles","status":"publish","type":"post","link":"https:\/\/www.europesays.com\/ch-fr\/289737\/","title":{"rendered":"Cyclisme. Encore marqu\u00e9 par sa chute, Tadej Pogacar quitte l\u2019h\u00f4pital avec plusieurs s\u00e9quelles"},"content":{"rendered":"<p data-ofstats-scroll=\"read_depth_40\">Pour Tadej Pogacar, place \u00e0 un peu de repos, d\u00e9sormais. <a href=\"https:\/\/www.ouest-france.fr\/sport\/cyclisme\/tadej-pogacar\/cyclisme-des-nouvelles-de-tadej-pogacar-apres-son-operation-de-la-clavicule-813cd4c8-a575-11f1-8465-547a0964275c\" target=\"_blank\" rel=\"nofollow noopener\">Op\u00e9r\u00e9 de la clavicule apr\u00e8s sa lourde chute sur le Tour d\u2019Espagne<\/a>, le cycliste slov\u00e8ne a donn\u00e9 de ses nouvelles via le compte Instagram de sa compagne\u00a0Ur\u0161ka \u017digart. Sur une photo, le quintuple vainqueur du Tour de France appara\u00eet debout, aux c\u00f4t\u00e9s de son ami Ziga Jerman, quittant l\u2019h\u00f4pital de Barcelone, o\u00f9 il avait \u00e9t\u00e9 pris en charge.<\/p>\n<p>                        <img decoding=\"async\" class=\"su-media\" title=\"Tadej Pogacar \u00e0 la sortie de l'h\u00f4pital de Barcelone.\" src=\"data:image\/png;base64,iVBORw0KGgoAAAANSUhEUgAAABAAAAAJCAYAAAA7KqwyAAAAGXRFWHRTb2Z0d2FyZQBBZG9iZSBJbWFnZVJlYWR5ccllPAAAABhJREFUeNpi\/P\/\/PwMlgHHUgFEDgAAgwAD+lBrvy+NcxAAAAABJRU5ErkJggg==\" data-oflazyload=\"{&quot;srcset&quot;:&quot;https:\/\/media.ouest-france.fr\/v1\/pictures\/MjAyNjA5N2MyZDRlN2UyZjNlMTUxNWZhZGYxODZjMTc4MzkxZGE?width=320&amp;focuspoint=55%2C38&amp;cropresize=1&amp;client_id=bpeditorial&amp;sign=46f3b3e9fef0326bfed1ed2277b036e39499a2d92c5fa4ae16a3a24a44dbb7fb 280w, https:\/\/media.ouest-france.fr\/v1\/pictures\/MjAyNjA5N2MyZDRlN2UyZjNlMTUxNWZhZGYxODZjMTc4MzkxZGE?width=375&amp;focuspoint=55%2C38&amp;cropresize=1&amp;client_id=bpeditorial&amp;sign=386997f53e68b85f868fde0d1291cc82679c6d3d3af14fa5ca7675f0262a4622 360w, https:\/\/media.ouest-france.fr\/v1\/pictures\/MjAyNjA5N2MyZDRlN2UyZjNlMTUxNWZhZGYxODZjMTc4MzkxZGE?width=480&amp;focuspoint=55%2C38&amp;cropresize=1&amp;client_id=bpeditorial&amp;sign=90417a13954889a109ccfbc95bc106586732fc8935eda6c4c8b11db897da005b 480w, https:\/\/media.ouest-france.fr\/v1\/pictures\/MjAyNjA5N2MyZDRlN2UyZjNlMTUxNWZhZGYxODZjMTc4MzkxZGE?width=630&amp;focuspoint=55%2C38&amp;cropresize=1&amp;client_id=bpeditorial&amp;sign=3e4d342367f3901b24a38381d5bb3be7ae7fbd4c6fabf1c8732f1d961c9a5b56 630w, https:\/\/media.ouest-france.fr\/v1\/pictures\/MjAyNjA5N2MyZDRlN2UyZjNlMTUxNWZhZGYxODZjMTc4MzkxZGE?width=940&amp;focuspoint=55%2C38&amp;cropresize=1&amp;client_id=bpeditorial&amp;sign=3c750e498bfa3da49f77f25f71b5caa14dc3a757ff6c4e7f6cc63de2777f2b55 940w, https:\/\/media.ouest-france.fr\/v1\/pictures\/MjAyNjA5N2MyZDRlN2UyZjNlMTUxNWZhZGYxODZjMTc4MzkxZGE?width=1260&amp;focuspoint=55%2C38&amp;cropresize=1&amp;client_id=bpeditorial&amp;sign=d0d3bd4cea4c244bf7ee55e65da160103f52d876b8349c954bc64e2d5af01100 1260w&quot; }\"\/><\/p>\n<p>                    Tadej Pogacar \u00e0 la sortie de l&rsquo;h\u00f4pital de Barcelone. | DR<br \/>\n                    Voir en plein \u00e9cran<\/p>\n<p>                    <img decoding=\"async\" class=\"media\" title=\"Tadej Pogacar \u00e0 la sortie de l'h\u00f4pital de Barcelone.\" data-oflazyload=\"{&quot;srcset&quot;:&quot;https:\/\/media.ouest-france.fr\/v1\/pictures\/MjAyNjA5N2MyZDRlN2UyZjNlMTUxNWZhZGYxODZjMTc4MzkxZGE?width=320&amp;focuspoint=55%2C38&amp;cropresize=1&amp;client_id=bpeditorial&amp;sign=46f3b3e9fef0326bfed1ed2277b036e39499a2d92c5fa4ae16a3a24a44dbb7fb 280w, https:\/\/media.ouest-france.fr\/v1\/pictures\/MjAyNjA5N2MyZDRlN2UyZjNlMTUxNWZhZGYxODZjMTc4MzkxZGE?width=375&amp;focuspoint=55%2C38&amp;cropresize=1&amp;client_id=bpeditorial&amp;sign=386997f53e68b85f868fde0d1291cc82679c6d3d3af14fa5ca7675f0262a4622 360w, https:\/\/media.ouest-france.fr\/v1\/pictures\/MjAyNjA5N2MyZDRlN2UyZjNlMTUxNWZhZGYxODZjMTc4MzkxZGE?width=480&amp;focuspoint=55%2C38&amp;cropresize=1&amp;client_id=bpeditorial&amp;sign=90417a13954889a109ccfbc95bc106586732fc8935eda6c4c8b11db897da005b 480w, https:\/\/media.ouest-france.fr\/v1\/pictures\/MjAyNjA5N2MyZDRlN2UyZjNlMTUxNWZhZGYxODZjMTc4MzkxZGE?width=630&amp;focuspoint=55%2C38&amp;cropresize=1&amp;client_id=bpeditorial&amp;sign=3e4d342367f3901b24a38381d5bb3be7ae7fbd4c6fabf1c8732f1d961c9a5b56 630w, https:\/\/media.ouest-france.fr\/v1\/pictures\/MjAyNjA5N2MyZDRlN2UyZjNlMTUxNWZhZGYxODZjMTc4MzkxZGE?width=940&amp;focuspoint=55%2C38&amp;cropresize=1&amp;client_id=bpeditorial&amp;sign=3c750e498bfa3da49f77f25f71b5caa14dc3a757ff6c4e7f6cc63de2777f2b55 940w, https:\/\/media.ouest-france.fr\/v1\/pictures\/MjAyNjA5N2MyZDRlN2UyZjNlMTUxNWZhZGYxODZjMTc4MzkxZGE?width=1260&amp;focuspoint=55%2C38&amp;cropresize=1&amp;client_id=bpeditorial&amp;sign=d0d3bd4cea4c244bf7ee55e65da160103f52d876b8349c954bc64e2d5af01100 1260w&quot; }\"\/><br \/>\n                    Tadej Pogacar \u00e0 la sortie de l&rsquo;h\u00f4pital de Barcelone. | DR<\/p>\n<p>        Forfait pour les championnats du monde\u00a0?<\/p>\n<p data-ofstats-scroll=\"read_depth_70\">Des nouvelles rassurantes apr\u00e8s son grave accident\u00a0: en plus de la clavicule, il avait \u00e9galement \u00e9t\u00e9 victime d\u2019une\u00a0 fracture de la vert\u00e8bre cervicale C7, d\u2019une commotion c\u00e9r\u00e9brale et de multiples abrasions. Les s\u00e9quelles de sa chute sont bien visibles\u00a0: on y voit notamment Pogacar le bras en \u00e9charpe, \u0153il au beurre noir sur le visage. Mais le coureur de l\u2019UAE, tout garde toutefois le sourire, comme \u00e0 son habitude.<\/p>\n<p data-ofstats-scroll=\"read_depth_100\">La question est d\u00e9sormais de savoir s\u2019il peut \u00eatre remis \u00e0 temps pour les Championnats du monde de Montr\u00e9al, le 27\u00a0septembre, puis pour le Tour de Lombardie, le 10\u00a0octobre. Mais son forfait semble tr\u00e8s probable<a href=\"https:\/\/www.ouest-france.fr\/sport\/cyclisme\/paul-seixas\/sans-pogacar-ca-peut-partir-dans-tous-les-sens-bernard-hinault-croit-fort-au-sacre-mondial-de-paul-seixas-949ed618-a6da-11f1-8a27-1e0c4eb5e395\" target=\"_blank\" rel=\"nofollow noopener\">, ce qui laisse ainsi une opportunit\u00e9 suppl\u00e9mentaire \u00e0 Paul Seixas de briller<\/a> sur une course difficile qui lui convient.<\/p>\n","protected":false},"excerpt":{"rendered":"Pour Tadej Pogacar, place \u00e0 un peu de repos, d\u00e9sormais. Op\u00e9r\u00e9 de la clavicule apr\u00e8s sa lourde chute&hellip;\n","protected":false},"author":2,"featured_media":289738,"comment_status":"","ping_status":"","sticky":false,"template":"","format":"standard","meta":{"footnotes":"","_share_on_mastodon":"0"},"categories":[8],"tags":[1771,1105,186,75,23,13522],"class_list":["post-289737","post","type-post","status-publish","format-standard","has-post-thumbnail","category-sports","tag-actualite-en-continu","tag-cyclisme","tag-sport","tag-sports","tag-suisse","tag-tadej-pogacar"],"share_on_mastodon":{"url":"https:\/\/pubeurope.com\/@ch_fr\/117207658943037432","error":""},"_links":{"self":[{"href":"https:\/\/www.europesays.com\/ch-fr\/wp-json\/wp\/v2\/posts\/289737","targetHints":{"allow":["GET"]}}],"collection":[{"href":"https:\/\/www.europesays.com\/ch-fr\/wp-json\/wp\/v2\/posts"}],"about":[{"href":"https:\/\/www.europesays.com\/ch-fr\/wp-json\/wp\/v2\/types\/post"}],"author":[{"embeddable":true,"href":"https:\/\/www.europesays.com\/ch-fr\/wp-json\/wp\/v2\/users\/2"}],"replies":[{"embeddable":true,"href":"https:\/\/www.europesays.com\/ch-fr\/wp-json\/wp\/v2\/comments?post=289737"}],"version-history":[{"count":0,"href":"https:\/\/www.europesays.com\/ch-fr\/wp-json\/wp\/v2\/posts\/289737\/revisions"}],"wp:featuredmedia":[{"embeddable":true,"href":"https:\/\/www.europesays.com\/ch-fr\/wp-json\/wp\/v2\/media\/289738"}],"wp:attachment":[{"href":"https:\/\/www.europesays.com\/ch-fr\/wp-json\/wp\/v2\/media?parent=289737"}],"wp:term":[{"taxonomy":"category","embeddable":true,"href":"https:\/\/www.europesays.com\/ch-fr\/wp-json\/wp\/v2\/categories?post=289737"},{"taxonomy":"post_tag","embeddable":true,"href":"https:\/\/www.europesays.com\/ch-fr\/wp-json\/wp\/v2\/tags?post=289737"}],"curies":[{"name":"wp","href":"https:\/\/api.w.org\/{rel}","templated":true}]}}