{"id":289743,"date":"2026-09-03T14:50:11","date_gmt":"2026-09-03T14:50:11","guid":{"rendered":"https:\/\/www.europesays.com\/ch-fr\/289743\/"},"modified":"2026-09-03T14:50:11","modified_gmt":"2026-09-03T14:50:11","slug":"migration-les-flux-sinversent-en-amerique-latine-sous-trump","status":"publish","type":"post","link":"https:\/\/www.europesays.com\/ch-fr\/289743\/","title":{"rendered":"Migration : les flux s&rsquo;inversent en Am\u00e9rique latine sous Trump"},"content":{"rendered":"<p>Pendant longtemps, la boussole de la migration en Am\u00e9rique latine pointait vers le nord et les Etats-Unis. Depuis le retour de Donald Trump \u00e0 la Maison Blanche, le verrouillage des fronti\u00e8res et les expulsions massives, cette boussole pointe de plus en plus vers le sud.<\/p>\n<p>En plus de sa politique int\u00e9rieure anti-immigration, Washington exerce une pression sur plusieurs pays, comme le Nicaragua, pour qu&rsquo;ils imposent des visas aux personnes en transit. Des V\u00e9n\u00e9zu\u00e9liens font ainsi demi-tour via le Panama pour aller en Colombie ou pour retourner dans leur pays d&rsquo;origine.<\/p>\n<p>&gt;&gt; Lire \u00e9galement\u00a0: <a href=\"https:\/\/www.rts.ch\/info\/monde\/2026\/article\/un-policier-de-l-immigration-americain-tue-un-mexicain-a-houston-29297287.html\" data-item-id=\"richtext_link\" rel=\"nofollow noopener\" target=\"_blank\">Un policier de l&rsquo;immigration tue un ressortissant mexicain \u00e0 Houston<\/a><\/p>\n<p>La route vers le nord \u00e0 travers le Panama a vu une chute de 99 % des passages en 2025, selon les Nations unies. La tendance se confirme ces derniers mois, avec seulement une centaine de personnes qui ont travers\u00e9 le pays dans ce sens.<\/p>\n<p>Autre ph\u00e9nom\u00e8ne, les Cubains ne s\u2019exilent plus aux Etats-Unis, mais se dirigent majoritairement vers le Br\u00e9sil, o\u00f9 les demandes d\u2019asile ont doubl\u00e9 l&rsquo;an pass\u00e9, atteignant un record de 42&rsquo;000 demandes. Pour faire ce trajet, les Cubains prennent un avion jusqu&rsquo;au Guyana \u2013 qui n\u2019exige pas de visa \u2013, avant de traverser clandestinement la for\u00eat jusqu\u2019au nord du Br\u00e9sil, o\u00f9 ils envisagent de s\u2019installer durablement.<\/p>\n<p>    En Am\u00e9rique latine, l&rsquo;effet Trump cr\u00e9e un \u00abexil invers\u00e9\u00bb vers le Sud \/ Tout un monde \/ 6 min. \/ hier \u00e0 08:13 Routes dangereuses<\/p>\n<p>Ces nouvelles routes migratoires, invers\u00e9es, sont risqu\u00e9es et co\u00fbtent cher. Au Panama, les migrants, majoritairement v\u00e9n\u00e9zu\u00e9liens, doivent entreprendre la dangereuse travers\u00e9e de la jungle du Dari\u00e9n, ou embarquer sur des bateaux, via des r\u00e9seaux de passeurs.<\/p>\n<p>\u00ab\u00a0C\u2019est quelque chose que je ne recommande \u00e0 personne. D&rsquo;abord, parce qu&rsquo;on est en pleine mer et qu&rsquo;il peut arriver n&rsquo;importe quoi. Il y a des gens qui ne savent pas nager et d&rsquo;autres qui savent, mais dans le d\u00e9sespoir, c&rsquo;est horrible. A un moment donn\u00e9, on a eu l&rsquo;impression que le bateau allait chavirer, et on a commenc\u00e9 \u00e0 paniquer\u00a0\u00bb, t\u00e9moigne un V\u00e9n\u00e9zu\u00e9lien \u00e0 l\u2019Agence France Presse.<\/p>\n<p>M\u00eame si ces nouvelles routes du nord au sud demeurent moins emprunt\u00e9es, les personnes en exil s&rsquo;exposent aussi \u00e0 des violences et \u00e0 de la traite d&rsquo;\u00eatres humains. \u00ab\u00a0Ces groupes sont toujours \u00e0 l\u2019aff\u00fbt, toujours en train d\u2019observer, quel que soit le sens des flux migratoires\u00a0\u00bb, d\u00e9taille dans l&rsquo;\u00e9mission Tout un monde Guadalupe Correa Cabrera, qui co-dirige le Centre de recherche sur les r\u00e9seaux criminels transnationaux \u00e0 l&rsquo;Universit\u00e9 George Mason, en Virginie.<\/p>\n<p>\u00ab\u00a0A ce stade, il est difficile de quantifier les risques. Pendant les ann\u00e9es de pr\u00e9sidence de Joe Biden, les flux \u00e9taient extr\u00eamement importants. Ils \u00e9taient tr\u00e8s visibles. Les itin\u00e9raires \u00e9taient connus. On pouvait donc les cartographier et les quantifier tr\u00e8s clairement. A ce stade, le ph\u00e9nom\u00e8ne d\u2019exil invers\u00e9 n\u2019est pas aussi significatif, en termes de chiffres. Mais \u00e0 mesure qu\u2019il va prendre de l\u2019ampleur, \u00e7a va inciter les groupes criminels ou les autorit\u00e9s corrompues \u00e0 mieux s\u2019organiser encore\u00a0\u00bb, craint la chercheuse.<\/p>\n<p>Etablissement sur la longue dur\u00e9e<\/p>\n<p>Cette \u00e9volution des flux migratoires a des cons\u00e9quences pour les pays de transit et les nouveaux pays d\u2019accueil. Le Panama n&rsquo;est plus seulement un lieu de passage. Contrairement aux migrants qui montent vers le nord, ceux qui font demi-tour arrivent souvent les poches vides, et restent bloqu\u00e9s sur place. Les ONG alertent sur les capacit\u00e9s d&rsquo;accueil locales. Les services sociaux de ces pays sont d\u00e9bord\u00e9s. Cette pression est aggrav\u00e9e par la suspension des fonds de coop\u00e9ration internationale, en particulier ceux des Etats-Unis.<\/p>\n<p>La situation est assez diff\u00e9rente au Br\u00e9sil, o\u00f9 les Cubains qui arrivent ont le projet de s&rsquo;\u00e9tablir durablement. L&rsquo;int\u00e9gration \u00e0 long terme d&rsquo;une nouvelle population devient un d\u00e9fi. \u00ab\u00a0Il y a quelques ann\u00e9es, il y a eu beaucoup d&rsquo;Ha\u00eftiens qui sont venus au Br\u00e9sil. C\u2019\u00e9taient des petites villes de fronti\u00e8re, au milieu de la jungle de l&rsquo;Amazonie et \u00e7a produisait des tensions sociales\u00a0\u00bb, observe Thom\u00e1s Zicman de Barros, sp\u00e9cialiste du Br\u00e9sil et chercheur au CEVIPOF, le Centre de recherches politiques de Sciences Po Paris.<\/p>\n<p>\u00ab\u00a0Beaucoup d&rsquo;entre eux finissaient par se d\u00e9placer au sud du Br\u00e9sil, parfois avec des difficult\u00e9s d&rsquo;insertion, et finissaient dans des emplois informels. On a vu une instrumentalisation de cette situation humanitaire grave par l&rsquo;extr\u00eame droite au Br\u00e9sil, qui qualifiait les migrants de dangereux\u00a0\u00bb, pointe Thom\u00e1s Zicman de Barros.<\/p>\n<p>Selon l\u2019expert, le climat politique n\u2019est pas le m\u00eame aujourd\u2019hui vis-\u00e0-vis de l\u2019immigration cubaine. \u00ab\u00a0Je vois plut\u00f4t une tentative de l&rsquo;extr\u00eame droite de mobiliser en disant que les gens qui sont en train de venir le font \u00e0 cause de la politique de la gauche \u00e0 Cuba. Il y a eu quelques efforts pour cr\u00e9er une panique morale, une tension. Mais je vois plut\u00f4t une posture g\u00e9n\u00e9rale d&rsquo;accueil humain\u00a0\u00bb, se r\u00e9jouit-il.<\/p>\n<p>Pour l\u2019\u00e9conomie br\u00e9silienne, il s&rsquo;agit plut\u00f4t d&rsquo;une opportunit\u00e9. Les Cubains qui s\u2019y \u00e9tablissent ont souvent r\u00e9uni quelques moyens pour voyager et disposent d\u2019une formation.<\/p>\n<p>Victoire pour Donald Trump?<\/p>\n<p>Le but de Donald Trump est de stopper l\u2019immigration, en particulier ill\u00e9gale. Les Etats-Unis avancent que deux millions de personnes ont quitt\u00e9 r\u00e9cemment le pays de fa\u00e7on volontaire. Ces chiffres ne peuvent n\u00e9anmoins pas \u00eatre v\u00e9rifi\u00e9s, d&rsquo;apr\u00e8s les experts et les ONG. On sait en revanche que 600&rsquo;000 personnes ont \u00e9t\u00e9 expuls\u00e9es.<\/p>\n<p>&gt;&gt; Lire \u00e9galement\u00a0: <a href=\"https:\/\/www.rts.ch\/info\/monde\/2026\/article\/etats-unis-l-onu-s-alarme-des-morts-liees-a-la-police-de-l-immigration-29287083.html\" data-item-id=\"richtext_link\" rel=\"nofollow noopener\" target=\"_blank\">L&rsquo;ONU s&rsquo;alarme \u00e0 nouveau des morts et des d\u00e9tentions massives li\u00e9es \u00e0 l&rsquo;ICE aux Etats-Unis<\/a><\/p>\n<p>Ce dernier chiffre n&rsquo;est pas un record historique, mais la nature de ces expulsions a profond\u00e9ment chang\u00e9. \u00ab\u00a0Auparavant, les administrations am\u00e9ricaines se contentaient d&rsquo;expulser les nouveaux venus. Donald Trump, lui, fait expulser des gens qui sont d\u00e9j\u00e0 \u00e9tablis aux Etats-Unis \u2013 certes d&rsquo;une fa\u00e7on irr\u00e9guli\u00e8re \u2013 depuis cinq, dix, quinze ans, voire plus dans le pays\u00a0\u00bb, explique Thom\u00e1s Zicman de Barros. Ces d\u00e9parts sont une perte pour les Etats-Unis, puisque leu tissu \u00e9conomique risque de souffrir de ce manque de main-d\u2019\u0153uvre.<\/p>\n<p>Ce ph\u00e9nom\u00e8ne d\u2019exil \u00e0 rebours va se poursuivre ces prochaines ann\u00e9es sous l\u2019effet du durcissement des politiques migratoires, selon l\u2019Organisation internationale des migrations. L&rsquo;agence pr\u00e9vient \u00e9galement que sans soutien \u00e0 l\u2019int\u00e9gration ou la r\u00e9int\u00e9gration, une grande partie de cette population choisira de repartir, particuli\u00e8rement les jeunes. Si les fronti\u00e8res demeurent ferm\u00e9es, ils se tourneront vers des routes clandestines risqu\u00e9es.<\/p>\n<p class=\"sources\">Sujet radio: Julie Rausis<\/p>\n<p class=\"credit\">Texte web: Antoine Schaub<\/p>\n","protected":false},"excerpt":{"rendered":"Pendant longtemps, la boussole de la migration en Am\u00e9rique latine pointait vers le nord et les Etats-Unis. Depuis&hellip;\n","protected":false},"author":2,"featured_media":289744,"comment_status":"","ping_status":"","sticky":false,"template":"","format":"standard","meta":{"footnotes":"","_share_on_mastodon":"0"},"categories":[5],"tags":[44426,1896,223,222,2131,921,40,9000,7729,421,5642,392,92,744,238,2798,41,42],"class_list":["post-289743","post","type-post","status-publish","format-standard","has-post-thumbnail","category-international","tag-amerique-latine","tag-bresil","tag-donald-trump","tag-etats-unis","tag-frontiere","tag-immigration","tag-international","tag-migration","tag-migrations","tag-monde","tag-organisation-non-gouvernementale","tag-phenomene","tag-politique","tag-politique-du-gouvernement","tag-societe","tag-united-states-immigration-and-customs-enforcement","tag-world","tag-world-news"],"share_on_mastodon":{"url":"https:\/\/pubeurope.com\/@ch_fr\/117207671018346317","error":""},"_links":{"self":[{"href":"https:\/\/www.europesays.com\/ch-fr\/wp-json\/wp\/v2\/posts\/289743","targetHints":{"allow":["GET"]}}],"collection":[{"href":"https:\/\/www.europesays.com\/ch-fr\/wp-json\/wp\/v2\/posts"}],"about":[{"href":"https:\/\/www.europesays.com\/ch-fr\/wp-json\/wp\/v2\/types\/post"}],"author":[{"embeddable":true,"href":"https:\/\/www.europesays.com\/ch-fr\/wp-json\/wp\/v2\/users\/2"}],"replies":[{"embeddable":true,"href":"https:\/\/www.europesays.com\/ch-fr\/wp-json\/wp\/v2\/comments?post=289743"}],"version-history":[{"count":0,"href":"https:\/\/www.europesays.com\/ch-fr\/wp-json\/wp\/v2\/posts\/289743\/revisions"}],"wp:featuredmedia":[{"embeddable":true,"href":"https:\/\/www.europesays.com\/ch-fr\/wp-json\/wp\/v2\/media\/289744"}],"wp:attachment":[{"href":"https:\/\/www.europesays.com\/ch-fr\/wp-json\/wp\/v2\/media?parent=289743"}],"wp:term":[{"taxonomy":"category","embeddable":true,"href":"https:\/\/www.europesays.com\/ch-fr\/wp-json\/wp\/v2\/categories?post=289743"},{"taxonomy":"post_tag","embeddable":true,"href":"https:\/\/www.europesays.com\/ch-fr\/wp-json\/wp\/v2\/tags?post=289743"}],"curies":[{"name":"wp","href":"https:\/\/api.w.org\/{rel}","templated":true}]}}