{"id":289747,"date":"2026-09-03T14:52:11","date_gmt":"2026-09-03T14:52:11","guid":{"rendered":"https:\/\/www.europesays.com\/ch-fr\/289747\/"},"modified":"2026-09-03T14:52:11","modified_gmt":"2026-09-03T14:52:11","slug":"feminisme-la-journaliste-gloria-steinem-est-decedee-a-92-ans","status":"publish","type":"post","link":"https:\/\/www.europesays.com\/ch-fr\/289747\/","title":{"rendered":"F\u00e9minisme: la journaliste Gloria Steinem est d\u00e9c\u00e9d\u00e9e \u00e0 92 ans"},"content":{"rendered":"<p class=\"wysiwyg-h2\">La journaliste et essayiste am\u00e9ricaine Gloria Steinem, figure majeure du f\u00e9minisme, est d\u00e9c\u00e9d\u00e9e \u00e0 92 ans mercredi, a annonc\u00e9 sa fondation jeudi sur son compte Instagram.<\/p>\n<p>&lsquo;Gloria Steinem s&rsquo;en est all\u00e9e paisiblement \u00e0 son domicile de New York, entour\u00e9e de proches&rsquo;, a indiqu\u00e9 la Fondation Gloria, sans pr\u00e9ciser la cause du d\u00e9c\u00e8s. Elle a salu\u00e9 son engagement &lsquo;pour l&rsquo;\u00e9galit\u00e9 jusqu&rsquo;\u00e0 la toute fin&rsquo;.<\/p>\n<p>L&rsquo;ancienne cheffe de la diplomatie am\u00e9ricaine Hillary Clinton lui a \u00e9galement rendu hommage. Gloria Steinem a ouvert la voie &lsquo;non seulement pour elle-m\u00eame mais pour des millions de femmes apr\u00e8s elle&rsquo;, a-t-elle d\u00e9clar\u00e9 dans un communiqu\u00e9, ajoutant que son militantisme \u00e9tait ancr\u00e9 dans &lsquo;l&rsquo;optimisme&rsquo;.<\/p>\n<p>D\u00e9clic en 1969<\/p>\n<p>Avant de devenir l&rsquo;une des t\u00eates de proue du mouvement f\u00e9ministe, Gloria Steinem avait fait ses armes dans le journalisme \u00e0 l&rsquo;aube des ann\u00e9es 1960, une \u00e9poque o\u00f9 nombre d&rsquo;Am\u00e9ricaines devaient encore obtenir l&rsquo;autorisation de leur mari pour ouvrir un compte bancaire.<\/p>\n<p>Mais c&rsquo;est en couvrant une r\u00e9union o\u00f9 des femmes qui ont avort\u00e9 prennent la parole qu&rsquo;elle disait avoir eu un d\u00e9clic f\u00e9ministe, en 1969. Au fil des voyages, Gloria Steinem \u00e9tait devenue l&rsquo;un des visages incontournables du mouvement f\u00e9ministe.<\/p>\n<p>Elle avait fond\u00e9 dans les ann\u00e9es 1970 Ms. Magazine et le National Women&rsquo;s Political Caucus et organis\u00e9 la premi\u00e8re conf\u00e9rence nationale des femmes \u00e0 Houston.<\/p>\n<p>A l&rsquo;\u00e9coute des autres<\/p>\n<p>&lsquo;Le plus grand don de Gloria \u00e9tait sa capacit\u00e9 \u00e0 \u00e9couter les autres, \u00e0 faire en sorte que chacun se sente vu et entendu (&#8230;) Gloria est rest\u00e9e fid\u00e8le \u00e0 son esprit ind\u00e9pendant, faisant toujours preuve de curiosit\u00e9 et d&rsquo;un grand sens de l&rsquo;humour&rsquo;, peut-on encore lire dans la publication Instagram.<\/p>\n<p>N\u00e9e dans l&rsquo;Ohio le 25 mars 1934, Gloria Steinem avait grandi en suivant le mode de vie nomade de son p\u00e8re, vendeur d&rsquo;antiquit\u00e9s ambulant, jusqu&rsquo;au divorce de ses parents quand elle avait 10 ans. Apr\u00e8s la s\u00e9paration, elle s&rsquo;\u00e9tait occup\u00e9e de sa m\u00e8re, sujette \u00e0 la d\u00e9pression.<\/p>\n<p> \/ATS<\/p>\n","protected":false},"excerpt":{"rendered":"La journaliste et essayiste am\u00e9ricaine Gloria Steinem, figure majeure du f\u00e9minisme, est d\u00e9c\u00e9d\u00e9e \u00e0 92 ans mercredi, a&hellip;\n","protected":false},"author":2,"featured_media":289748,"comment_status":"","ping_status":"","sticky":false,"template":"","format":"standard","meta":{"footnotes":"","_share_on_mastodon":"0"},"categories":[4],"tags":[22,121,124,128,119,122,123,118,136,132,131,133,130,21,135,120,126,117,125,114,115,116,23,129,127,134],"class_list":["post-289747","post","type-post","status-publish","format-standard","has-post-thumbnail","category-actualites","tag-actualites","tag-ajoie","tag-animation","tag-bienne","tag-delemont","tag-franches-montagnes","tag-frequence","tag-jura","tag-jura-bernois","tag-la-chaux-de-fonds","tag-moutier","tag-neuchatel","tag-neuveville","tag-news","tag-payerne","tag-porrentruy","tag-publicite","tag-radio","tag-redaction","tag-rfj","tag-rjb","tag-rtn","tag-suisse","tag-tavannes","tag-vallon-de-st-imier","tag-yverdon"],"share_on_mastodon":{"url":"https:\/\/pubeurope.com\/@ch_fr\/117207678624945140","error":""},"_links":{"self":[{"href":"https:\/\/www.europesays.com\/ch-fr\/wp-json\/wp\/v2\/posts\/289747","targetHints":{"allow":["GET"]}}],"collection":[{"href":"https:\/\/www.europesays.com\/ch-fr\/wp-json\/wp\/v2\/posts"}],"about":[{"href":"https:\/\/www.europesays.com\/ch-fr\/wp-json\/wp\/v2\/types\/post"}],"author":[{"embeddable":true,"href":"https:\/\/www.europesays.com\/ch-fr\/wp-json\/wp\/v2\/users\/2"}],"replies":[{"embeddable":true,"href":"https:\/\/www.europesays.com\/ch-fr\/wp-json\/wp\/v2\/comments?post=289747"}],"version-history":[{"count":0,"href":"https:\/\/www.europesays.com\/ch-fr\/wp-json\/wp\/v2\/posts\/289747\/revisions"}],"wp:featuredmedia":[{"embeddable":true,"href":"https:\/\/www.europesays.com\/ch-fr\/wp-json\/wp\/v2\/media\/289748"}],"wp:attachment":[{"href":"https:\/\/www.europesays.com\/ch-fr\/wp-json\/wp\/v2\/media?parent=289747"}],"wp:term":[{"taxonomy":"category","embeddable":true,"href":"https:\/\/www.europesays.com\/ch-fr\/wp-json\/wp\/v2\/categories?post=289747"},{"taxonomy":"post_tag","embeddable":true,"href":"https:\/\/www.europesays.com\/ch-fr\/wp-json\/wp\/v2\/tags?post=289747"}],"curies":[{"name":"wp","href":"https:\/\/api.w.org\/{rel}","templated":true}]}}