{"id":289751,"date":"2026-09-03T15:00:12","date_gmt":"2026-09-03T15:00:12","guid":{"rendered":"https:\/\/www.europesays.com\/ch-fr\/289751\/"},"modified":"2026-09-03T15:00:12","modified_gmt":"2026-09-03T15:00:12","slug":"lucie-bernardoni-annonce-son-depart-de-la-star-academy","status":"publish","type":"post","link":"https:\/\/www.europesays.com\/ch-fr\/289751\/","title":{"rendered":"Lucie Bernardoni annonce son d\u00e9part de la \u00abStar Academy\u00bb"},"content":{"rendered":"<p>    Lucie Bernardoni.<br \/>\n                Domine Jerome\/ABACA<\/p>\n<p>\n    Le jugement de la chanteuse et r\u00e9p\u00e9titrice du t\u00e9l\u00e9crochet de TF1 doit avoir lieu le 29 septembre au tribunal de Nanterre pour des faits de violences sur sa fille adolescente. Elle ne participera pas \u00e0 la quatorzi\u00e8me saison de l\u2019\u00e9mission.<\/p>\n<p class=\"fig-paragraph\">La question \u00e9tait sur toutes les l\u00e8vres\u00a0:\u00a0<a href=\"https:\/\/www.lefigaro.fr\/tag\/lucie-bernardoni\" target=\"_blank\" data-fig-type=\"Keyword\" rel=\"noopener nofollow\" data-gtm-custom-categorie=\"navigation\" data-gtm-custom-action=\"crossclick\" data-gtm-custom-label=\"Contextuel\" data-gtm-event=\"customEventSPE\" data-fig-domain=\"LEFIGARO\">Lucie Bernardoni<\/a> \u00a0prendra-t-elle part \u00e0 la saison 14 de\u00a0<a href=\"https:\/\/tvmag.lefigaro.fr\/programme-tv\/programme\/star-academy-d476831578\" target=\"_blank\" rel=\"noopener nofollow\" data-gtm-custom-categorie=\"navigation\" data-gtm-custom-action=\"crossclick\" data-gtm-custom-label=\"Contextuel\" data-gtm-event=\"customEventSPE\">\u00abStar Academy\u00bb<\/a> \u00a0? Dans un message publi\u00e9 sur son compte Instagram, la chanteuse et r\u00e9p\u00e9titrice du t\u00e9l\u00e9crochet de\u00a0<a href=\"https:\/\/tvmag.lefigaro.fr\/programme-tv\/chaine\/192\/tous-les-programmes-de-tf1\" target=\"_blank\" rel=\"noopener nofollow\" data-gtm-custom-categorie=\"navigation\" data-gtm-custom-action=\"crossclick\" data-gtm-custom-label=\"Contextuel\" data-gtm-event=\"customEventSPE\">TF1<\/a>\u00a0y a enfin r\u00e9pondu. \u00abAujourd\u2019hui, jour anniversaire des 22 ans de notre saison 4 qui a chang\u00e9 ma vie, je souhaitais vous \u00e9crire quelques mots. Beaucoup d\u2019entre vous me demandent si je serai sur la \u201cStar Academy\u201d pour cette nouvelle saison. Ce ne sera pas le cas\u00bb, a-t-elle \u00e9crit avant de promettre\u00a0: \u00abMais je suivrai la nouvelle promotion avec attention et enthousiasme\u00bb.<\/p>\n<p class=\"fig-paragraph\">\u00abLes mots me manquent pour vous remercier tous, ainsi que toutes les personnes qui ont rendu ces quatre saisons possibles et magnifiques. Elles se reconna\u00eetront. Belle saison \u00e0 la nouvelle r\u00e9p\u00e9titrice qui retrouvera Fanny [Delaigue, NDLR]. Je suis de tout c\u0153ur avec vous. Toute ma tendresse \u00e0 tous les \u00e9l\u00e8ves, les profs et toutes les \u00e9quipes du prime et du ch\u00e2teau que je garde dans mon c\u0153ur. Merci \u00e0 vous qui me suivez depuis 22 ans\u00bb, a-t-elle ajout\u00e9 dans sa publication accompagn\u00e9e de souvenirs.<\/p>\n<p>                                                <a class=\"fig-a11y-skip\" href=\"#fig-a11y-skip-main-inarticle\" is=\"fig-a11y-skip\" data-trigger-mode=\"visible-once\"><br \/>\n    Passer la publicit\u00e9<br \/>\n<\/a>            <\/p>\n<p class=\"fig-paragraph\">En f\u00e9vrier dernier, alors qu\u2019elle participait \u00e0 la saison 15 de\u00a0<a href=\"https:\/\/tvmag.lefigaro.fr\/programme-tv\/programme\/danse-avec-les-stars-d1081809778\" target=\"_blank\" rel=\"noopener nofollow\" data-gtm-custom-categorie=\"navigation\" data-gtm-custom-action=\"crossclick\" data-gtm-custom-label=\"Contextuel\" data-gtm-event=\"customEventSPE\">\u00abDanse avec les stars\u00bb<\/a>, le magazine Voici a r\u00e9v\u00e9l\u00e9 que Lucie Bernardoni \u00e9tait vis\u00e9e par\u00a0<a href=\"http:\/\/tvmag.lefigaro.fr\/programme-tv\/people\/des-faits-de-violence-intolerables-l-ex-compagnon-de-lucie-bernardoni-l-accuse-de-maltraitance-sur-leur-fille-20260213\" target=\"_blank\" data-fig-type=\"Article\" rel=\"noopener nofollow\" data-gtm-custom-categorie=\"navigation\" data-gtm-custom-action=\"crossclick\" data-gtm-custom-label=\"Contextuel\" data-gtm-event=\"customEventSPE\" data-fig-domain=\"TVMAG\">une plainte d\u00e9pos\u00e9e le 29 novembre 2025 par son ex-conjoint, Pedro Alves<\/a>, pour \u00abviolences volontaires par ascendant\u00bb. Celui qui a repr\u00e9sent\u00e9 la France au Concours Eurovision en 1999 l\u2019accuse d\u2019avoir maltrait\u00e9 leur fille \u00e2g\u00e9e de 16 ans aujourd\u2019hui et dont ils ont la garde partag\u00e9e depuis ses 13 ans.<\/p>\n<p class=\"fig-body-link\">\n            \u00c0 lire aussi<br \/>\n        <a class=\"fig-body-link__link\" href=\"http:\/\/tvmag.lefigaro.fr\/programme-tv\/people\/trop-c-est-trop-lucie-bernardoni-repond-a-ses-detracteurs-apres-les-accusations-de-son-ex-compagnon-20260817\" target=\"_blank\" data-fig-type=\"Article\" rel=\"noopener nofollow\" data-gtm-custom-categorie=\"navigation\" data-gtm-custom-action=\"crossclick\" data-gtm-custom-label=\"Contextuel\" data-gtm-event=\"customEventSPE\" data-fig-domain=\"TVMAG\"><br \/>\n                \u00abTrop, c\u2019est trop\u00bb\u00a0: Lucie Bernardoni r\u00e9pond \u00e0 ses d\u00e9tracteurs apr\u00e8s les accusations de son ex-compagnon<br \/>\n    <\/a>\n<\/p>\n<p class=\"fig-paragraph\">\u00abJe me suis aper\u00e7u que Lily, auparavant bonne \u00e9l\u00e8ve, ne faisait plus rien \u00e0 l\u2019\u00e9cole. Elle \u00e9tait livr\u00e9e \u00e0 elle-m\u00eame chez sa m\u00e8re, avec 2500\u202feuros d\u2019argent de poche par mois, un compte de taxi et un compte de livraison \u00e0 domicile. Lucie est du style \u00e0 partir un matin et \u00e0 rentrer quatre jours plus tard, tr\u00e8s occup\u00e9e entre la \u201cStar Ac\u2019\u201d et, cette ann\u00e9e, \u201cDanse avec les stars\u201d. Un soir, j\u2019ai retrouv\u00e9 ma fille dans un bar des Halles avec un inconnu pendant que sa m\u00e8re \u00e9tait en direct \u00e0 la t\u00e9l\u00e9. \u00c0 15\u202fans&#8230; Pour couronner le tout, il y a eu des faits de violence intol\u00e9rables\u00bb, a affirm\u00e9 Pedro Alves.<\/p>\n<p class=\"fig-paragraph\">Fin mars, Lucie Bernardoni a pass\u00e9 30 heures en garde \u00e0 vue au commissariat de Neuilly-sur-Seine (Hauts-de-Seine). \u00c0 l\u2019issue de son interrogatoire, elle a \u00e9t\u00e9 d\u00e9f\u00e9r\u00e9e le 1er avril puis plac\u00e9e sous contr\u00f4le judiciaire. Une date d\u2019audience devant la justice a \u00e9t\u00e9 fix\u00e9e au 29 septembre.<\/p>\n<p class=\"fig-paragraph\">Le corps professoral de la \u00abStar Academy\u00bb sera renouvel\u00e9 pour cette saison 14. Outre Lucie Bernardoni, Marl\u00e8ne Schaff et le directeur Micha\u00ebl Goldman durant quatre saisons ne rempileront pas pour la prochaine \u00e9dition dont la date n\u2019a pas encore \u00e9t\u00e9 communiqu\u00e9e.<\/p>\n","protected":false},"excerpt":{"rendered":"Lucie Bernardoni. Domine Jerome\/ABACA Le jugement de la chanteuse et r\u00e9p\u00e9titrice du t\u00e9l\u00e9crochet de TF1 doit avoir lieu&hellip;\n","protected":false},"author":2,"featured_media":289752,"comment_status":"","ping_status":"","sticky":false,"template":"","format":"standard","meta":{"footnotes":"","_share_on_mastodon":"0"},"categories":[13],"tags":[113,112,726,727,23,142,196],"class_list":["post-289751","post","type-post","status-publish","format-standard","has-post-thumbnail","category-television","tag-divertissement","tag-entertainment","tag-lucie-bernardoni","tag-star-academy","tag-suisse","tag-television","tag-tf1"],"share_on_mastodon":{"url":"https:\/\/pubeurope.com\/@ch_fr\/117207710144084751","error":""},"_links":{"self":[{"href":"https:\/\/www.europesays.com\/ch-fr\/wp-json\/wp\/v2\/posts\/289751","targetHints":{"allow":["GET"]}}],"collection":[{"href":"https:\/\/www.europesays.com\/ch-fr\/wp-json\/wp\/v2\/posts"}],"about":[{"href":"https:\/\/www.europesays.com\/ch-fr\/wp-json\/wp\/v2\/types\/post"}],"author":[{"embeddable":true,"href":"https:\/\/www.europesays.com\/ch-fr\/wp-json\/wp\/v2\/users\/2"}],"replies":[{"embeddable":true,"href":"https:\/\/www.europesays.com\/ch-fr\/wp-json\/wp\/v2\/comments?post=289751"}],"version-history":[{"count":0,"href":"https:\/\/www.europesays.com\/ch-fr\/wp-json\/wp\/v2\/posts\/289751\/revisions"}],"wp:featuredmedia":[{"embeddable":true,"href":"https:\/\/www.europesays.com\/ch-fr\/wp-json\/wp\/v2\/media\/289752"}],"wp:attachment":[{"href":"https:\/\/www.europesays.com\/ch-fr\/wp-json\/wp\/v2\/media?parent=289751"}],"wp:term":[{"taxonomy":"category","embeddable":true,"href":"https:\/\/www.europesays.com\/ch-fr\/wp-json\/wp\/v2\/categories?post=289751"},{"taxonomy":"post_tag","embeddable":true,"href":"https:\/\/www.europesays.com\/ch-fr\/wp-json\/wp\/v2\/tags?post=289751"}],"curies":[{"name":"wp","href":"https:\/\/api.w.org\/{rel}","templated":true}]}}