{"id":289773,"date":"2026-09-03T15:21:25","date_gmt":"2026-09-03T15:21:25","guid":{"rendered":"https:\/\/www.europesays.com\/ch-fr\/289773\/"},"modified":"2026-09-03T15:21:25","modified_gmt":"2026-09-03T15:21:25","slug":"deux-kilometres-de-conduites-pour-alimenter-en-eau-le-chant-du-gros","status":"publish","type":"post","link":"https:\/\/www.europesays.com\/ch-fr\/289773\/","title":{"rendered":"Deux kilom\u00e8tres de conduites pour alimenter en eau le Chant du Gros"},"content":{"rendered":"<p>Le Chant du Gros, cette ville \u00e9ph\u00e9m\u00e8re. Le festival s\u2019ouvre en fin d\u2019apr\u00e8s-midi ce jeudi au Noirmont et s\u2019attend \u00e0 accueillir quelque 40&rsquo;000 personnes jusqu\u2019\u00e0 samedi lors de cette 34e \u00e9dition. Chaque soir, environ 15&rsquo;000 festivaliers, l\u2019\u00e9quivalent de la population de Del\u00e9mont, viennent profiter des concerts et des espaces de nourriture et de boisson sur le site franc-montagnard. Tout ce petit monde a aussi besoin de se soulager. Pour alimenter en eau les 200 toilettes ainsi que les diff\u00e9rents stands, le Chant du Gros dispose de deux kilom\u00e8tres de conduites. Les trois quarts sont visibles, le reste est sous-terrain.<\/p>\n<p>La petite \u00e9quipe en charge des sanitaires a eu passablement de travail ces derniers jours. \u00ab On a des conduites qui partent du b\u00e2timent principal. Elles passent sous vos pieds sous la grande sc\u00e8ne. Sous la sc\u00e8ne D\u00e9m\u00e9nage, il y a aussi des conduites qui passent par-l\u00e0 \u00bb, d\u00e9taille Billy Jobin. Cette ann\u00e9e, le responsable sanitaire depuis huit ans et ses deux coll\u00e8gues ont \u00ab tout chang\u00e9 le syst\u00e8me d\u2019eau du festival qui devenait un peu obsol\u00e8te apr\u00e8s 15 \u00e0 20 ans. On a tout retir\u00e9, on a tout refait les distributeurs \u00e0 neuf \u00bb, pr\u00e9cise le Breulotier qui est \u00e0 l\u2019\u0153uvre quotidiennement depuis deux semaines.<\/p>\n<p>\u00ab Quand un concert se finit sur la grande sc\u00e8ne, si on va vers notre connecteur on sent qu\u2019il y a du d\u00e9bit, mais \u00e7a tient le coup \u00bb, rel\u00e8ve Billy Jobin qui, pendant les trois jours du festival, reste sur le qui-vive. \u00ab On a toujours des petites choses qui se passent : une chiotte qui se bouche ou un lavabo qui fuit \u00bb, explique le responsable qui, m\u00eame lorsqu\u2019il va au lit \u00e0 6h du matin, peut \u00eatre appel\u00e9 en urgence deux heures plus tard pour une intervention. Pour lui et ses deux acolytes, le repos n\u2019est que rarement assur\u00e9 durant le Chant du Gros. \/nmy<\/p>\n","protected":false},"excerpt":{"rendered":"Le Chant du Gros, cette ville \u00e9ph\u00e9m\u00e8re. Le festival s\u2019ouvre en fin d\u2019apr\u00e8s-midi ce jeudi au Noirmont et&hellip;\n","protected":false},"author":2,"featured_media":289774,"comment_status":"","ping_status":"","sticky":false,"template":"","format":"standard","meta":{"footnotes":"","_share_on_mastodon":"0"},"categories":[10],"tags":[121,124,128,119,113,112,122,123,118,136,132,131,133,130,135,120,126,117,125,114,115,116,23,129,127,134],"class_list":["post-289773","post","type-post","status-publish","format-standard","has-post-thumbnail","category-divertissement","tag-ajoie","tag-animation","tag-bienne","tag-delemont","tag-divertissement","tag-entertainment","tag-franches-montagnes","tag-frequence","tag-jura","tag-jura-bernois","tag-la-chaux-de-fonds","tag-moutier","tag-neuchatel","tag-neuveville","tag-payerne","tag-porrentruy","tag-publicite","tag-radio","tag-redaction","tag-rfj","tag-rjb","tag-rtn","tag-suisse","tag-tavannes","tag-vallon-de-st-imier","tag-yverdon"],"share_on_mastodon":{"url":"https:\/\/pubeurope.com\/@ch_fr\/117207792927180350","error":""},"_links":{"self":[{"href":"https:\/\/www.europesays.com\/ch-fr\/wp-json\/wp\/v2\/posts\/289773","targetHints":{"allow":["GET"]}}],"collection":[{"href":"https:\/\/www.europesays.com\/ch-fr\/wp-json\/wp\/v2\/posts"}],"about":[{"href":"https:\/\/www.europesays.com\/ch-fr\/wp-json\/wp\/v2\/types\/post"}],"author":[{"embeddable":true,"href":"https:\/\/www.europesays.com\/ch-fr\/wp-json\/wp\/v2\/users\/2"}],"replies":[{"embeddable":true,"href":"https:\/\/www.europesays.com\/ch-fr\/wp-json\/wp\/v2\/comments?post=289773"}],"version-history":[{"count":0,"href":"https:\/\/www.europesays.com\/ch-fr\/wp-json\/wp\/v2\/posts\/289773\/revisions"}],"wp:featuredmedia":[{"embeddable":true,"href":"https:\/\/www.europesays.com\/ch-fr\/wp-json\/wp\/v2\/media\/289774"}],"wp:attachment":[{"href":"https:\/\/www.europesays.com\/ch-fr\/wp-json\/wp\/v2\/media?parent=289773"}],"wp:term":[{"taxonomy":"category","embeddable":true,"href":"https:\/\/www.europesays.com\/ch-fr\/wp-json\/wp\/v2\/categories?post=289773"},{"taxonomy":"post_tag","embeddable":true,"href":"https:\/\/www.europesays.com\/ch-fr\/wp-json\/wp\/v2\/tags?post=289773"}],"curies":[{"name":"wp","href":"https:\/\/api.w.org\/{rel}","templated":true}]}}