{"id":289783,"date":"2026-09-03T15:26:13","date_gmt":"2026-09-03T15:26:13","guid":{"rendered":"https:\/\/www.europesays.com\/ch-fr\/289783\/"},"modified":"2026-09-03T15:26:13","modified_gmt":"2026-09-03T15:26:13","slug":"soudan-les-soutiens-exterieurs-alimentent-la-guerre-enqueteurs","status":"publish","type":"post","link":"https:\/\/www.europesays.com\/ch-fr\/289783\/","title":{"rendered":"Soudan: les soutiens ext\u00e9rieurs alimentent la guerre (enqu\u00eateurs)"},"content":{"rendered":"<p class=\"wysiwyg-h2\">Le recrutement de ressortissants \u00e9trangers et le soutien ext\u00e9rieur plus large alimentent la guerre au Soudan, selon la Mission internationale d&rsquo;\u00e9tablissement des faits. Cette instance cible des entreprises internationales qui ont aid\u00e9 les paramilitaires.<\/p>\n<p>Dans un rapport publi\u00e9 jeudi \u00e0 Gen\u00e8ve, les trois enqu\u00eateurs, qui ne s&rsquo;expriment pas au nom de l&rsquo;ONU mais sont mandat\u00e9s par le Conseil des droits de l&rsquo;homme, reprochent aussi \u00e0 l&rsquo;arm\u00e9e le recours \u00e0 des drones \u00e9trangers.<\/p>\n<p>Le soutien aux paramilitaires des Forces de soutien rapide (FSR) passe lui notamment par des armes, des munitions et des technologies militaires. Mais \u00e9galement par une aide dans les offensives. Jusqu&rsquo;\u00e0 2000 anciens militaires colombiens auraient manoeuvr\u00e9 des drones pour les FSR au Darfour et au Kordofan. Des groupes \u00e9miratis sont \u00e9galement en cause. L&rsquo;assistance serait achemin\u00e9e au travers du Tchad, de la Libye ou de la Somalie.<\/p>\n<p>Les Etats d&rsquo;o\u00f9 viennent toutes ces entit\u00e9s internationales doivent mener des investigations et emp\u00eacher les mercenaires. Les cons\u00e9quences affectent surtout les &lsquo;civils&rsquo;, dit le pr\u00e9sident de la mission, Mohamad Chande Othman. Or, des attaques d\u00e9lib\u00e9r\u00e9es contre les civils et les infrastructures civiles \u00e9quivalent \u00e0 des crimes de guerre.<\/p>\n<p>Possibles crimes de guerre<\/p>\n<p>L&rsquo;une des membres de la mission, Mona Rishmawi fait remarquer que le soutien aux FSR a notamment \u00e9t\u00e9 observ\u00e9 lors de la prise de la ville d&rsquo;El-Facher, au Darfour, il y a pr\u00e8s d&rsquo;un an. Les enqu\u00eateurs avaient consid\u00e9r\u00e9 qu&rsquo;une &lsquo;campagne g\u00e9nocidaire&rsquo; \u00e9tait men\u00e9e.<\/p>\n<p>Les attaques par drone des FSR peuvent \u00e9quivaloir \u00e0 des crimes de guerre, ajoute la mission. &lsquo;Toute la cha\u00eene de responsabilit\u00e9 doit faire l&rsquo;objet d&rsquo;une investigation. Y compris ceux qui ordonnent, financent, approvisionnent et facilitent des crimes internationaux&rsquo;, estime une enqu\u00eatrice, Joy Ngozi Ezeilo. La mission demande au Conseil de s\u00e9curit\u00e9 de l&rsquo;ONU de renforcer l&#8217;embargo sur les armes.<\/p>\n<p>Depuis le d\u00e9but du conflit il y a trois ans entre les FSR et l&rsquo;arm\u00e9e, des dizaines de milliers de personnes ont \u00e9t\u00e9 tu\u00e9es. Pr\u00e8s de 13 millions de personnes ont \u00e9t\u00e9 d\u00e9plac\u00e9es, dont quatre millions de r\u00e9fugi\u00e9s. Des dizaines de millions de personnes ont besoin d&rsquo;une assistance.<\/p>\n<p> \/ATS<\/p>\n","protected":false},"excerpt":{"rendered":"Le recrutement de ressortissants \u00e9trangers et le soutien ext\u00e9rieur plus large alimentent la guerre au Soudan, selon la&hellip;\n","protected":false},"author":2,"featured_media":289784,"comment_status":"","ping_status":"","sticky":false,"template":"","format":"standard","meta":{"footnotes":"","_share_on_mastodon":"0"},"categories":[5],"tags":[121,124,128,119,122,123,40,118,136,132,131,133,130,135,120,126,117,125,114,115,116,129,127,41,42,134],"class_list":["post-289783","post","type-post","status-publish","format-standard","has-post-thumbnail","category-international","tag-ajoie","tag-animation","tag-bienne","tag-delemont","tag-franches-montagnes","tag-frequence","tag-international","tag-jura","tag-jura-bernois","tag-la-chaux-de-fonds","tag-moutier","tag-neuchatel","tag-neuveville","tag-payerne","tag-porrentruy","tag-publicite","tag-radio","tag-redaction","tag-rfj","tag-rjb","tag-rtn","tag-tavannes","tag-vallon-de-st-imier","tag-world","tag-world-news","tag-yverdon"],"share_on_mastodon":{"url":"https:\/\/pubeurope.com\/@ch_fr\/117207812467642843","error":""},"_links":{"self":[{"href":"https:\/\/www.europesays.com\/ch-fr\/wp-json\/wp\/v2\/posts\/289783","targetHints":{"allow":["GET"]}}],"collection":[{"href":"https:\/\/www.europesays.com\/ch-fr\/wp-json\/wp\/v2\/posts"}],"about":[{"href":"https:\/\/www.europesays.com\/ch-fr\/wp-json\/wp\/v2\/types\/post"}],"author":[{"embeddable":true,"href":"https:\/\/www.europesays.com\/ch-fr\/wp-json\/wp\/v2\/users\/2"}],"replies":[{"embeddable":true,"href":"https:\/\/www.europesays.com\/ch-fr\/wp-json\/wp\/v2\/comments?post=289783"}],"version-history":[{"count":0,"href":"https:\/\/www.europesays.com\/ch-fr\/wp-json\/wp\/v2\/posts\/289783\/revisions"}],"wp:featuredmedia":[{"embeddable":true,"href":"https:\/\/www.europesays.com\/ch-fr\/wp-json\/wp\/v2\/media\/289784"}],"wp:attachment":[{"href":"https:\/\/www.europesays.com\/ch-fr\/wp-json\/wp\/v2\/media?parent=289783"}],"wp:term":[{"taxonomy":"category","embeddable":true,"href":"https:\/\/www.europesays.com\/ch-fr\/wp-json\/wp\/v2\/categories?post=289783"},{"taxonomy":"post_tag","embeddable":true,"href":"https:\/\/www.europesays.com\/ch-fr\/wp-json\/wp\/v2\/tags?post=289783"}],"curies":[{"name":"wp","href":"https:\/\/api.w.org\/{rel}","templated":true}]}}