{"id":289785,"date":"2026-09-03T15:27:11","date_gmt":"2026-09-03T15:27:11","guid":{"rendered":"https:\/\/www.europesays.com\/ch-fr\/289785\/"},"modified":"2026-09-03T15:27:11","modified_gmt":"2026-09-03T15:27:11","slug":"aleksandra-walczak-biophysicienne-a-partir-des-donnees-extraites-du-vivant-nous-faisons-apparaitre-des-formules-et-des-algorithmes","status":"publish","type":"post","link":"https:\/\/www.europesays.com\/ch-fr\/289785\/","title":{"rendered":"Aleksandra Walczak, biophysicienne: \u00abA partir des donn\u00e9es extraites du vivant, nous faisons appara\u00eetre des formules et des algorithmes\u00bb"},"content":{"rendered":"<p>    R\u00e9sum\u00e9 en 20 secondes<\/p>\n<p>        En savoir plus sur ce type de contenu<\/p>\n<p>Ce r\u00e9sum\u00e9 peut avoir \u00e9t\u00e9 \u00e9crit avec l&rsquo;assistance d\u2019une IA g\u00e9n\u00e9rative. <a href=\"https:\/\/www.letemps.ch\/cyber\/l-usage-de-l-ia-generative-par-les-journalistes-du-temps\" rel=\"nofollow noopener\" target=\"_blank\">En savoir plus<\/a><\/p>\n<p class=\"article__abstract-call-to-action\" data-ariato=\"TrackableElement\" data-trackable-element-type=\"article_abstract_cta\" data-trackable-element-location=\"article_header\" data-trackable-element-id=\"541479\">\n        <a data-event=\"click-&gt;clicked\" href=\"https:\/\/www.letemps.ch\/abonnements\" rel=\"nofollow noopener\" target=\"_blank\">Abonnez-vous<\/a> pour acc\u00e9der au r\u00e9sum\u00e9 en 20 secondes.\n      <\/p>\n<p>Pr\u00e8s de 1500 scientifiques de 60 pays sont r\u00e9unis cette semaine \u00e0 Gen\u00e8ve, dans le cadre de la 25e\u00a0Conf\u00e9rence europ\u00e9enne de biologie computationnelle (ECCB), organis\u00e9e par l\u2019Institut suisse de bio-informatique (SIB). Parmi les orateurs invit\u00e9s, la biophysicienne Aleksandra Walczak, directrice de recherche CNRS \u00e0 l\u2019Ecole normale sup\u00e9rieure de Paris et membre de l\u2019Acad\u00e9mie fran\u00e7aise des sciences, qui \u00e9tudie notamment la co\u00e9volution entre les virus et le syst\u00e8me immunitaire. Une question qu\u2019elle aborde de mani\u00e8re interdisciplinaire, en s\u2019appuyant sur de larges jeux de donn\u00e9es, le big data. Le Temps l\u2019a rencontr\u00e9e en marge de l\u2019\u00e9v\u00e9nement, au Centre international de conf\u00e9rence de Gen\u00e8ve.<\/p>\n<p>Le Temps: En quoi consiste la biologie computationnelle?<\/p>\n","protected":false},"excerpt":{"rendered":"R\u00e9sum\u00e9 en 20 secondes En savoir plus sur ce type de contenu Ce r\u00e9sum\u00e9 peut avoir \u00e9t\u00e9 \u00e9crit&hellip;\n","protected":false},"author":2,"featured_media":289786,"comment_status":"","ping_status":"","sticky":false,"template":"","format":"standard","meta":{"footnotes":"","_share_on_mastodon":"0"},"categories":[3],"tags":[7207,323,2827,174,27271,23],"class_list":["post-289785","post","type-post","status-publish","format-standard","has-post-thumbnail","category-suisse","tag-biologie","tag-intelligence-artificielle","tag-physique","tag-premium","tag-sciences-de-la-vie","tag-suisse"],"share_on_mastodon":{"url":"https:\/\/pubeurope.com\/@ch_fr\/117207816468261768","error":""},"_links":{"self":[{"href":"https:\/\/www.europesays.com\/ch-fr\/wp-json\/wp\/v2\/posts\/289785","targetHints":{"allow":["GET"]}}],"collection":[{"href":"https:\/\/www.europesays.com\/ch-fr\/wp-json\/wp\/v2\/posts"}],"about":[{"href":"https:\/\/www.europesays.com\/ch-fr\/wp-json\/wp\/v2\/types\/post"}],"author":[{"embeddable":true,"href":"https:\/\/www.europesays.com\/ch-fr\/wp-json\/wp\/v2\/users\/2"}],"replies":[{"embeddable":true,"href":"https:\/\/www.europesays.com\/ch-fr\/wp-json\/wp\/v2\/comments?post=289785"}],"version-history":[{"count":0,"href":"https:\/\/www.europesays.com\/ch-fr\/wp-json\/wp\/v2\/posts\/289785\/revisions"}],"wp:featuredmedia":[{"embeddable":true,"href":"https:\/\/www.europesays.com\/ch-fr\/wp-json\/wp\/v2\/media\/289786"}],"wp:attachment":[{"href":"https:\/\/www.europesays.com\/ch-fr\/wp-json\/wp\/v2\/media?parent=289785"}],"wp:term":[{"taxonomy":"category","embeddable":true,"href":"https:\/\/www.europesays.com\/ch-fr\/wp-json\/wp\/v2\/categories?post=289785"},{"taxonomy":"post_tag","embeddable":true,"href":"https:\/\/www.europesays.com\/ch-fr\/wp-json\/wp\/v2\/tags?post=289785"}],"curies":[{"name":"wp","href":"https:\/\/api.w.org\/{rel}","templated":true}]}}