{"id":289799,"date":"2026-09-03T15:43:09","date_gmt":"2026-09-03T15:43:09","guid":{"rendered":"https:\/\/www.europesays.com\/ch-fr\/289799\/"},"modified":"2026-09-03T15:43:09","modified_gmt":"2026-09-03T15:43:09","slug":"nouveaux-emplois-au-quebec-et-en-ontario-via-rail-aura-plus-de-300-nouveaux-wagons","status":"publish","type":"post","link":"https:\/\/www.europesays.com\/ch-fr\/289799\/","title":{"rendered":"Nouveaux emplois au Qu\u00e9bec et en Ontario: Via Rail aura plus de 300 nouveaux wagons"},"content":{"rendered":"<p class=\"c-paragraph\">Mark Carney a annonc\u00e9 que son gouvernement allait investir 4,7 milliards de dollars (G$) pour construire 313 nouvelles voitures de voyageurs \u00abde nouvelle g\u00e9n\u00e9ration\u00bb pour Via Rail. Les travailleurs d\u2019Alstom \u00e0 Saint-Bruno-de-Montarville et \u00e0 La Pocati\u00e8re au Qu\u00e9bec seront impliqu\u00e9s dans le projet, a comment\u00e9 le premier ministre.<\/p>\n<p class=\"c-paragraph\">Des wagons \u00abqui \u00e9taient auparavant construits aux \u00c9tats-Unis\u00bb seront d\u00e9sormais assembl\u00e9s \u00e0 l\u2019usine d\u2019Alstom \u00e0 Thunder Bay apr\u00e8s avoir \u00e9t\u00e9 construits sur la rive Sud de Montr\u00e9al avec le soutien de l\u2019usine du Bas-Saint-Laurent, dit le premier ministre Carney lors de son annonce dans la ville du nord de l\u2019Ontario.<\/p>\n<p class=\"c-paragraph\">L\u2019investissement devrait cr\u00e9er environ \u00ab700 bons emplois\u00bb en Ontario et au Qu\u00e9bec, avance M. Carney.<\/p>\n<p class=\"c-paragraph\">Ce dernier pr\u00e9cise que ce seront les premi\u00e8res voitures de voyageurs de Via Rail construites au Canada depuis 40 ans. \u00c0 l\u2019\u00e9poque, \u00abil n\u2019y avait que six \u00e9quipes dans la LNH, les gardiens de but ne portaient pas de masque et les Maple Leafs de Toronto gagnaient la coupe Stanley\u00bb, a blagu\u00e9 le premier ministre.<\/p>\n<p>\u00abLe savoir-faire qu\u00e9b\u00e9cois\u00bb&#8230; en pleine campagne \u00e9lectorale<\/p>\n<p class=\"c-paragraph\">Le ministre f\u00e9d\u00e9ral aux Transports, Steve McKinnon, a pour sa part vant\u00e9 les m\u00e9rites des travailleurs qu\u00e9b\u00e9cois dans le projet.<\/p>\n<p class=\"c-paragraph\">\u00abCette force se b\u00e2tit partout au pays, notamment au Qu\u00e9bec, o\u00f9 les travailleurs de La Pocati\u00e8re et les \u00e9quipes de conception et d\u2019ing\u00e9nierie de Saint-Bruno-de-Montarville [contribueront] \u00e0 b\u00e2tir la prochaine g\u00e9n\u00e9ration de la flotte ferroviaire canadienne\u00bb, a-t-il lanc\u00e9 au podium. <\/p>\n<p class=\"c-paragraph\">\u00c0 La Pocati\u00e8re, on se r\u00e9jouit de l\u2019annonce d\u2019Ottawa, non sans souligner qu\u2019on a \u00abignor\u00e9 pendant des ann\u00e9es le savoir-faire qu\u00e9b\u00e9cois pour le remplacement des trains de Via Rail\u00bb.<\/p>\n<p class=\"c-paragraph\">\u00abOttawa s\u2019arr\u00eate finalement en gare et choisit comme nous lui demandions de privil\u00e9gier nos entreprises \u00e0 celles am\u00e9ricaines pour le remplacement des trains de long-courriers\u00bb, a d\u00e9clar\u00e9 le d\u00e9put\u00e9 bloquiste de Pierre-Boucher\u2014Les Patriotes\u2014Verch\u00e8res, Xavier Barsalo-Duval, dans un courriel envoy\u00e9 \u00e0 Noovo Info.<\/p>\n<p class=\"c-paragraph\">M. Barsalou-Duval ressasse le pass\u00e9 en rappelant que le gouvernement lib\u00e9ral avait octroy\u00e9 un contrat d\u2019environ 1 milliard de dollars pour le remplacement remplacement de trains du corridor entre Qu\u00e9bec et Windsor, en Ontario, \u00e0 l\u2019entreprise am\u00e9ricaine Siemens par l\u2019entremise de Bombardier, sa branche qu\u00e9b\u00e9coise. \u00c0 l\u2019\u00e9poque, en 2018 Justin Trudeau \u00e9tait premier ministre.<\/p>\n<p class=\"c-paragraph\">\u00abDepuis plusieurs mois, nous r\u00e9p\u00e9tons qu\u2019Ottawa doit faire appel \u00e0 nos entreprises plut\u00f4t que de choisir une entreprise am\u00e9ricaine en pleine crise commerciale.\u00bb <\/p>\n<p>\u2014 \u00a0Le d\u00e9put\u00e9 bloquiste de Pierre-Boucher\u2014Les Patriotes\u2014Verch\u00e8res, Xavier Barsalo-Duval<\/p>\n<p class=\"c-paragraph\">M. Barsalou-Duval parle aussi d\u2019une \u00abinterf\u00e9rence bien malvenue dans notre d\u00e9mocratie\u00bb, \u00aben pleine campagne \u00e9lectorale qu\u00e9b\u00e9coise\u00bb.<\/p>\n<p>\u00abGarder les ch\u00e8ques de paye\u00bb chez nous<\/p>\n<p class=\"c-paragraph\">Ottawa d\u00e9plie les cordons de la bourse pour ce projet dans un contexte de guerre commerciale contre les \u00c9tats-Unis, avec les droits de douane am\u00e9ricains et les contre-tarifs canadiens.<\/p>\n<p class=\"c-paragraph\">M. Carney indique que l\u2019effort permet de \u00abgarder les ch\u00e8ques de paie ici, au Canada\u00bb. <\/p>\n<p class=\"c-paragraph\">Le ministre McKinnon affirme qu\u2019il s\u2019agit du plus gros investissement ponctuel de l\u2019histoire de Via Rail.<\/p>\n<p class=\"c-paragraph\">En juillet, le gouvernement avait annonc\u00e9 un investissement de pr\u00e8s de 2 G$ pour de nouvelles locomotives destin\u00e9es \u00e0 Via Rail, avec de nouvelles installations \u00e0 Montr\u00e9al.<\/p>\n<p class=\"c-paragraph\">Ces nouveaux trains devraient arriver en 2031.<\/p>\n<p>Articles connexes<\/p>\n","protected":false},"excerpt":{"rendered":"Mark Carney a annonc\u00e9 que son gouvernement allait investir 4,7 milliards de dollars (G$) pour construire 313 nouvelles&hellip;\n","protected":false},"author":2,"featured_media":289800,"comment_status":"","ping_status":"","sticky":false,"template":"","format":"standard","meta":{"footnotes":"","_share_on_mastodon":"0"},"categories":[6],"tags":[8966,45,44,43,32947,817,92,23,779],"class_list":["post-289799","post","type-post","status-publish","format-standard","has-post-thumbnail","category-economie","tag-affaires","tag-business","tag-economie","tag-economy","tag-fabrication","tag-nouvelles-generales","tag-politique","tag-suisse","tag-transport"],"share_on_mastodon":{"url":"https:\/\/pubeurope.com\/@ch_fr\/117207879076228209","error":""},"_links":{"self":[{"href":"https:\/\/www.europesays.com\/ch-fr\/wp-json\/wp\/v2\/posts\/289799","targetHints":{"allow":["GET"]}}],"collection":[{"href":"https:\/\/www.europesays.com\/ch-fr\/wp-json\/wp\/v2\/posts"}],"about":[{"href":"https:\/\/www.europesays.com\/ch-fr\/wp-json\/wp\/v2\/types\/post"}],"author":[{"embeddable":true,"href":"https:\/\/www.europesays.com\/ch-fr\/wp-json\/wp\/v2\/users\/2"}],"replies":[{"embeddable":true,"href":"https:\/\/www.europesays.com\/ch-fr\/wp-json\/wp\/v2\/comments?post=289799"}],"version-history":[{"count":0,"href":"https:\/\/www.europesays.com\/ch-fr\/wp-json\/wp\/v2\/posts\/289799\/revisions"}],"wp:featuredmedia":[{"embeddable":true,"href":"https:\/\/www.europesays.com\/ch-fr\/wp-json\/wp\/v2\/media\/289800"}],"wp:attachment":[{"href":"https:\/\/www.europesays.com\/ch-fr\/wp-json\/wp\/v2\/media?parent=289799"}],"wp:term":[{"taxonomy":"category","embeddable":true,"href":"https:\/\/www.europesays.com\/ch-fr\/wp-json\/wp\/v2\/categories?post=289799"},{"taxonomy":"post_tag","embeddable":true,"href":"https:\/\/www.europesays.com\/ch-fr\/wp-json\/wp\/v2\/tags?post=289799"}],"curies":[{"name":"wp","href":"https:\/\/api.w.org\/{rel}","templated":true}]}}