{"id":289813,"date":"2026-09-03T15:59:11","date_gmt":"2026-09-03T15:59:11","guid":{"rendered":"https:\/\/www.europesays.com\/ch-fr\/289813\/"},"modified":"2026-09-03T15:59:11","modified_gmt":"2026-09-03T15:59:11","slug":"cinq-jours-apres-sa-chute-sur-le-tour-despagne-tadej-pogacar-est-sorti-de-lhopital-lequipe","status":"publish","type":"post","link":"https:\/\/www.europesays.com\/ch-fr\/289813\/","title":{"rendered":"Cinq jours apr\u00e8s sa chute sur le Tour d&#039;Espagne, Tadej Pogacar est sorti de l&#039;h\u00f4pital &#8211; L&#039;\u00c9quipe"},"content":{"rendered":"<p><a href=\"https:\/\/news.google.com\/rss\/articles\/CBMi2AFBVV95cUxNanJ6VHVRYmFOMEFadnZGdXVncWZ1c190eUJJR21DWUgwdHFBWEpLeHJBbXlkLWtRN3BHMlhUT25DeEsySnU2UURGWkVsTzRxTUtKa0QzS3pBcjhIRE1rZkQyRkVrd1poN3Z3bkJza1NYY0ZIaS1xYi0taW5lZkNWa2liYk1YOU1sZGNvUmI5WTFjZG4zOXJnT0lWSEtaR0JCT2ZmMll6S1o3WFlsbndSYXFwb1ZjbExwT01VTFJvbGNlV3gxUnlRcTEzVkpjLVM5QkJuUXhCWXE?oc=5\" target=\"_blank\" rel=\"nofollow noopener\">Cinq jours apr\u00e8s sa chute sur le Tour d&rsquo;Espagne, Tadej Pogacar est sorti de l&rsquo;h\u00f4pital<\/a>&nbsp;&nbsp;L&rsquo;\u00c9quipe<a href=\"https:\/\/news.google.com\/rss\/articles\/CBMikgJBVV95cUxPS0hDSlpwSm43TzRxTkxxWDRhV09iV0s3bTduUTNKMFlvOFZuQzI3a2lJaVpSTjZUc2wydTFjMHd1d2g2Q2pKMDZOSEk2cktKeVhvaWM1TmJ3bzk0X0dfYWtBdmNjNThXZV9VSlpwdGRvQnpSUWF4SnZ4ZU5PVHhtUHZCbG5yaXhKa0hRY041TVVzbGt3M1gwSDFhNDlfU2dub1VjZUZCQnRFMVdEakZwaGlGRkNfdTZOT1Y5ZFNFWjRRNGdMZjNWem9RMXpIeXItamFzRFdBbWxHbENuMmVzMXFyWHQ2cjFpRUQwcGl1TG1aU1o3WkItc0lfTkZNNjFHQ1BRNFZMQ0F1dGJJWVB6Q1Bn?oc=5\" target=\"_blank\" rel=\"nofollow noopener\">Cyclisme. Encore marqu\u00e9 par sa chute, Tadej Pogacar quitte l\u2019h\u00f4pital avec plusieurs s\u00e9quelles<\/a>&nbsp;&nbsp;Ouest-France<a href=\"https:\/\/news.google.com\/rss\/articles\/CBMirgFBVV95cUxNbk5EZ2Rpam82WDVYeGFtWWdYakRTVDRxQTcwNWl3QVJBNnZsaVpuaWtnYlIwX1JDeEdPbEl3aXRzY00teVdYNGlLZ0N0d0t6OV9wNGZpTzlyeGRQblo5Z00yT25Tdk1sakFvMmotSDhmcDc4YmtlYWwwSWlrckFybmZMSXVLanRFRkduUm9qRXdJdG1ESEl2RFp5Q2xNRWpSYW0xbVlNME1NZUg2a2c?oc=5\" target=\"_blank\" rel=\"nofollow noopener\">L&rsquo;Oeil de Guy Roux du 1er septembre : \u00ab\u00a0Pauvre Tadej Pogacar\u00a0\u00bb<\/a>&nbsp;&nbsp;L&rsquo;Yonne R\u00e9publicaine<a href=\"https:\/\/news.google.com\/rss\/articles\/CBMixgFBVV95cUxNYmVKMGtSWElUN05aTTU3OU9kbVA0VXJIU1U3TjVFV3RBT21sN3k0eXBaQ1RhODROQmMxdFFfUE5hVDZaUGNoWmtyalJIVURQckJ5Ujg1aXZ3dmZOcjNGWjRwS2lsVF9WX013S2lxdUc0bG1Lb3ZNNzhfcDhsb2dLd1V6YTF6WWVCRnhUYklWQ0VBcEJ4NjJoeVE3aVNJTlBDV190WjBQMzhNVWRFRFVQRmNuNTQ1RzlXbHJ5NDFKeFFPYkpfLWfSAVxBVV95cUxOVXVna2FXRzJTTkFROU5pZTRqMzBydEdQangzQy1sdVVxejdteU5KLTVOWFdqQjFsaTJXamcyeWVwbTZ4djA4VnN5VzBhZFlnY0lsRFNnTU5MRGJlTQ?oc=5\" target=\"_blank\" rel=\"nofollow noopener\">INTERVIEW: Guimard : \u00abJe n&rsquo;ai pas la science infuse, mais un petit peu de v\u00e9cu&#8230;\u00bb<\/a>&nbsp;&nbsp;Cyclism&rsquo;Actu<a href=\"https:\/\/news.google.com\/rss\/articles\/CBMiuAJBVV95cUxQbHlFQ2p4OEgxUVJJVjU1bTRSMTVZeW5NWl9ULVFjSm5Bay13Mkhjb3VtUDQtTG5ESzlKS05jODlwcEJGSjVaX2FtcVZiT013bmowUGVEX29MNW1rSk1ZLXNLd1RpeUQxQ3lUN1d0QXZ5ODBiVUxmcVNIRjdoVDhOa2tzWVlveDBwandjQTY0enprcmRSeHFMcGFPMEhmM3p2OEZKdEt3VWRQNnBLYXhidXJMbFhyTE00Rm95aHoweGl1RURVdFFmVkR6NktOaTg2TnhJNHlKYkpaNVpOWUpGU1psR2NpalFSb0djOXlMR0xzZTRaODBkemRYcTNPZ2ZRNzJaMngtM3l1Q21fU2NuRWJMOHUtWW5rV0pRU1BxS21KWXdLS2l5dVdoamhFa3kwZDRaS2xXeWk?oc=5\" target=\"_blank\" rel=\"nofollow noopener\">Bras en \u00e9charpe, \u0153il au beurre noir\u2026 Les nouvelles images de Tadej Pogacar, autoris\u00e9 \u00e0 quitter l\u2019h\u00f4pital mais toujours tr\u00e8s amoindri<\/a>&nbsp;&nbsp;Le Parisien<\/p>\n","protected":false},"excerpt":{"rendered":"Cinq jours apr\u00e8s sa chute sur le Tour d&rsquo;Espagne, Tadej Pogacar est sorti de l&rsquo;h\u00f4pital&nbsp;&nbsp;L&rsquo;\u00c9quipeCyclisme. Encore marqu\u00e9 par&hellip;\n","protected":false},"author":2,"featured_media":289814,"comment_status":"","ping_status":"","sticky":false,"template":"","format":"standard","meta":{"footnotes":"","_share_on_mastodon":"0"},"categories":[8],"tags":[449,16864,13622,125,75,23,13522,31396],"class_list":["post-289813","post","type-post","status-publish","format-standard","has-post-thumbnail","category-sports","tag-449","tag-breves-et-depeches","tag-cyclisme-sur-route","tag-redaction","tag-sports","tag-suisse","tag-tadej-pogacar","tag-tour-despagne"],"share_on_mastodon":{"url":"https:\/\/pubeurope.com\/@ch_fr\/117207941976913931","error":""},"_links":{"self":[{"href":"https:\/\/www.europesays.com\/ch-fr\/wp-json\/wp\/v2\/posts\/289813","targetHints":{"allow":["GET"]}}],"collection":[{"href":"https:\/\/www.europesays.com\/ch-fr\/wp-json\/wp\/v2\/posts"}],"about":[{"href":"https:\/\/www.europesays.com\/ch-fr\/wp-json\/wp\/v2\/types\/post"}],"author":[{"embeddable":true,"href":"https:\/\/www.europesays.com\/ch-fr\/wp-json\/wp\/v2\/users\/2"}],"replies":[{"embeddable":true,"href":"https:\/\/www.europesays.com\/ch-fr\/wp-json\/wp\/v2\/comments?post=289813"}],"version-history":[{"count":0,"href":"https:\/\/www.europesays.com\/ch-fr\/wp-json\/wp\/v2\/posts\/289813\/revisions"}],"wp:featuredmedia":[{"embeddable":true,"href":"https:\/\/www.europesays.com\/ch-fr\/wp-json\/wp\/v2\/media\/289814"}],"wp:attachment":[{"href":"https:\/\/www.europesays.com\/ch-fr\/wp-json\/wp\/v2\/media?parent=289813"}],"wp:term":[{"taxonomy":"category","embeddable":true,"href":"https:\/\/www.europesays.com\/ch-fr\/wp-json\/wp\/v2\/categories?post=289813"},{"taxonomy":"post_tag","embeddable":true,"href":"https:\/\/www.europesays.com\/ch-fr\/wp-json\/wp\/v2\/tags?post=289813"}],"curies":[{"name":"wp","href":"https:\/\/api.w.org\/{rel}","templated":true}]}}